{"id":507,"date":"2022-09-10T11:48:04","date_gmt":"2022-09-10T09:48:04","guid":{"rendered":"http:\/\/trizack.de\/triteam\/?p=507"},"modified":"2022-12-29T11:59:36","modified_gmt":"2022-12-29T10:59:36","slug":"4-platz-zum-saisonabschluss-in-hannover-8-platz-in-der-abschlusstabelle","status":"publish","type":"post","link":"http:\/\/trizack.de\/triteam\/2022\/09\/10\/4-platz-zum-saisonabschluss-in-hannover-8-platz-in-der-abschlusstabelle\/","title":{"rendered":"4. Platz zum Saisonabschluss in Hannover , 8. Platz in der Abschlusstabelle"},"content":{"rendered":"<div id=\"pl-507\"  class=\"panel-layout\" ><div id=\"pg-507-0\"  class=\"panel-grid panel-no-style\" ><div id=\"pgc-507-0-0\"  class=\"panel-grid-cell\" ><div id=\"panel-507-0-0-0\" class=\"so-panel widget widget_sow-editor panel-first-child panel-last-child\" data-index=\"0\" ><div\n\t\t\t\n\t\t\tclass=\"so-widget-sow-editor so-widget-sow-editor-base\"\n\t\t\t\n\t\t>\n<div class=\"siteorigin-widget-tinymce textwidget\">\n\t<p>Beim Saisonfinale in Hannover konnten wir beim neuartigen 2x2 Paartriathlon mit einem mega 4. Platz die Saison beenden \ud83d\ude0d<\/p>\n<p>Das Team bestehend aus Gustav R\u00f8n-Buskov, Chris-Marvin Scheffler, Lukas Schn\u00f6dewind und Franz L\u00f6schke\u00a0hat enorme St\u00e4rke bewiesen und konnte trotz des Unfalls von Chris fast aufs Podium laufen.<\/p>\n<p>In der Endtabelle belegen wir einen 8. Platz unter den 19 Teams der 2. Bundesliga Nord \ud83d\udd25\ud83d\ude0d Ein Ergebnis, welches uns mit noch mehr Freude nach Hause fahren lie\u00df. Wesentlich dichter dran am Aufstieg in die 1. Bundesliga\u00a0als am Abstieg - so kann es gerne weitergehen \ud83d\udcaa<\/p>\n<p>Verzichten wollen wir f\u00fcr die n\u00e4chste Saison aber auf den Besuch in der Notaufnahme f\u00fcr Chris. Gl\u00fccklicherweise ist alles ok und wir konnten ihn frisch und mit der freudigen Nachricht \u00fcber unseren 4. Platz in Empfang nehmen \ud83d\ude80<\/p>\n<p>Wir sagen Danke an alle Teams der 2. Bundesliga Nord f\u00fcr eine geile Saison \ud83d\ude0e<\/p>\n<p>Danke an die OSPA, Stadtwerke Rostock, BikeMarket, M\u00f6bel Wikinger und Warnowtunnel f\u00fcr den mittlerweile langj\u00e4hrigen Support an unserer Seite \ud83d\ude0d<\/p>\n<\/div>\n<\/div><\/div><\/div><\/div><\/div>","protected":false},"excerpt":{"rendered":"<p>Beim Saisonfinale in Hannover konnten wir beim neuartigen 2&#215;2 Paartriathlon mit einem mega 4. Platz die Saison beenden \ud83d\ude0d Das Team bestehend aus Gustav R\u00f8n-Buskov, Chris-Marvin Scheffler, Lukas Schn\u00f6dewind und Franz L\u00f6schke\u00a0hat enorme St\u00e4rke bewiesen und konnte trotz des Unfalls von Chris fast aufs Podium laufen. In der Endtabelle belegen wir einen 8. Platz unter [&hellip;]<\/p>\n","protected":false},"author":1,"featured_media":509,"comment_status":"closed","ping_status":"closed","sticky":false,"template":"","format":"standard","meta":[],"categories":[1],"tags":[],"_links":{"self":[{"href":"http:\/\/trizack.de\/triteam\/wp-json\/wp\/v2\/posts\/507"}],"collection":[{"href":"http:\/\/trizack.de\/triteam\/wp-json\/wp\/v2\/posts"}],"about":[{"href":"http:\/\/trizack.de\/triteam\/wp-json\/wp\/v2\/types\/post"}],"author":[{"embeddable":true,"href":"http:\/\/trizack.de\/triteam\/wp-json\/wp\/v2\/users\/1"}],"replies":[{"embeddable":true,"href":"http:\/\/trizack.de\/triteam\/wp-json\/wp\/v2\/comments?post=507"}],"version-history":[{"count":1,"href":"http:\/\/trizack.de\/triteam\/wp-json\/wp\/v2\/posts\/507\/revisions"}],"predecessor-version":[{"id":508,"href":"http:\/\/trizack.de\/triteam\/wp-json\/wp\/v2\/posts\/507\/revisions\/508"}],"wp:featuredmedia":[{"embeddable":true,"href":"http:\/\/trizack.de\/triteam\/wp-json\/wp\/v2\/media\/509"}],"wp:attachment":[{"href":"http:\/\/trizack.de\/triteam\/wp-json\/wp\/v2\/media?parent=507"}],"wp:term":[{"taxonomy":"category","embeddable":true,"href":"http:\/\/trizack.de\/triteam\/wp-json\/wp\/v2\/categories?post=507"},{"taxonomy":"post_tag","embeddable":true,"href":"http:\/\/trizack.de\/triteam\/wp-json\/wp\/v2\/tags?post=507"}],"curies":[{"name":"wp","href":"https:\/\/api.w.org\/{rel}","templated":true}]}}