{"id":494,"date":"2022-06-04T16:40:46","date_gmt":"2022-06-04T14:40:46","guid":{"rendered":"http:\/\/trizack.de\/triteam\/?p=494"},"modified":"2022-06-04T16:42:39","modified_gmt":"2022-06-04T14:42:39","slug":"guter-9-platz-zum-auftakt-in-guetersloh","status":"publish","type":"post","link":"http:\/\/trizack.de\/triteam\/2022\/06\/04\/guter-9-platz-zum-auftakt-in-guetersloh\/","title":{"rendered":"Guter 9. Platz zum Auftakt in G\u00fctersloh"},"content":{"rendered":"<div id=\"pl-494\"  class=\"panel-layout\" ><div id=\"pg-494-0\"  class=\"panel-grid panel-no-style\" ><div id=\"pgc-494-0-0\"  class=\"panel-grid-cell\" ><div id=\"panel-494-0-0-0\" class=\"so-panel widget widget_sow-editor panel-first-child panel-last-child\" data-index=\"0\" ><div\n\t\t\t\n\t\t\tclass=\"so-widget-sow-editor so-widget-sow-editor-base\"\n\t\t\t\n\t\t>\n<div class=\"siteorigin-widget-tinymce textwidget\">\n\t<div id=\"pl-494\" class=\"panel-layout\">Beim Saisonauftakt in G\u00fctersloh konnten wir einen guten 9. Platz unter den 19 Mannschaften sichern. Im regnerischen G\u00fctersloh gingen zwei Neuzug\u00e4nge und drei bekannte Gesichter an den Start, um schnellstm\u00f6glich als Team die Sprintdistanz von 750m Schwimmen, 20km Radfahren und 5km Laufen zu absolvieren.<\/div>\n<div class=\"panel-layout\">\u00a0<\/div>\n<div class=\"panel-layout\">Unser erster Neuzugang in den Starting Five von G\u00fctersloh ist Yoram H\u00fcbl, der in Neubrandenburg am Bundesnachwuchsst\u00fctzpunkt trainiert. Als weiterer Neuzugang stand Franz L\u00f6schke im Wei\u00df-Gr\u00fcnen-Dress an der Startlinie.\u00a0Franz ist aktuell\u00a0Langdistanzprofi mit zwei Halbironmansiegen, dem Deutschen Meistertitel \u00fcber die Langdistanz und blickt in seiner Laufbahn auch auf einen U23-Weltmeistertitel und den Weltmeistertitel in der Mixed-Relay mit Jan Frodeno zur\u00fcck - also geradeso gut genug f\u00fcr den Start bei uns ;-). Das Team wird komplettiert durch den d\u00e4nischen Youngster Noah Brendholdt aus der Rostocker Partnerstadt Aarhus, Teamchef und Jungprofi Lukas Schn\u00f6dewind, sowie Urgestein Dennis Weu.<\/div>\n<div class=\"panel-layout\">\u00a0<\/div>\n<div class=\"panel-layout\">Das\u00a0Teamrennen im G\u00fctersloher Nordbad ist schon fast traditionell der Auftakt der 2. Bundesliga Nord. Beim letzten Mal - in 2019 - konnten wir einen starken 8. Platz erk\u00e4mpfen. Allerdings ist G\u00fctersloh auch der Ort, an dem unser Team sein einzigen letzten Platz der Teamhistorie erlebt hat. Dennis war \u00fcbrigens immer dabei - in guten wie in schlechten Zeiten. In diesem Jahr sollte es also lieber wieder in die Richtung des 8. Platz gehen &amp; mit dem Team standen die Vorzeichen daf\u00fcr so gut wie selten in den Jahren zuvor. Die Besonderheit des Teamrennens ist es, dass mindestens 4 von den 5 Athleten das Rennen gemeinsam Seite an Seite bestreiten m\u00fcssen. Ein homogenes Team mit Athleten, die keine richtige Schw\u00e4che haben, ist hier die L\u00f6sung. Wenn es eine Schw\u00e4che bei uns gibt, dann das Radfahren. Hier war unklar, ob unser Jungspund - mit Jahrgang 2005 - Yoram und Dennis dem Tempo gewachsen\u00a0sind. Extrem optimistisch waren wir allerdings beim Schwimmen, da alle f\u00fcnf die 800m im Bereich der 10.00 Minuten schwimmen k\u00f6nnen. Eine Zeit, die in der 2. Bundesliga f\u00fcr die Toppl\u00e4tze reichen kann und uns so etwas Vorsprung f\u00fcr das Radfahren einbringt.<\/div>\n<div class=\"panel-layout\">\u00a0<\/div>\n<div class=\"panel-layout\">Gestartet\u00a0wird das Rennen im Minutenabstand. Als 6. Platz der letzten Saison sollte es also f\u00fcr uns 6 Minuten nach dem ersten Team ins Wasser gehen. Jedoch noch bevor das erste Team in das Schwimmbecken gesprungen ist, wurden alle gemeinsam Nass. Es fing an in Str\u00f6men zu regnen. Perfekte Bedingungen f\u00fcr einen Triathlon also. W\u00e4hrend uns das Wasser von oben begr\u00fc\u00dfte ging es in die letzten Vorbereitungen. \"Schwimmbrille auf? Badekappe auf? Alle Transponder dran? Dann los\" - Start!\u00a0<\/div>\n<div class=\"panel-layout\">\u00a0<\/div>\n<div class=\"panel-layout\">Die 750m im 50m Freibecken liefen gut, allerdings nicht so gut wie ausgemalt. Yoram, als F\u00fchrungsschwimmer, hat mit der K\u00e4lte gek\u00e4mpft und konnte das angepeilte Tempo von 1.15min\/100m nicht ganz halten. Nach dem geplanten Wechsel auf Lukas, nach 400m, blieben wir aber weiterhin ganz gut im Rennen und konnten nach 9.51min das Becken verlassen und damit die drittschnellste Zeit im Feld erreichen. In der Wechselzone lief alles nach Plan. Kaum auf dem Rad angekommen hat sich dann Franz wie ausgemalt in die F\u00fchrung gesetzt. Vor allem f\u00fcr Dennis und Yoram hie\u00df es jetzt: Ohren anlegen und irgendwie das Hinterrad halten. Das Wasser der Vorderm\u00e4nner spr\u00fcht von der Stra\u00dfe ins Gesicht, die Beine versuchen alles auf die Pedale zu bringen was da ist, jeder Zentimeter Windschatten wird ausgenutzt. Doch nach 2 Minuten der Beschleunigung steht eines fest: Es tut einfach nur weh - jedenfalls f\u00fcr Yoram und Dennis. Beide haben sich daher erstmal - eher unfreiwillig - entschieden nicht mit in die F\u00fchrung zu wechseln. Es lag also an Franz, Lukas und Noah das Tempo zu machen. W\u00e4hrend sich Yoram nach wenigen Minuten im Windschatten erholt hat und mit in die Rotation ging blieb Dennis weiterhin am Ende der Gruppe. Nach der ersten von 2 Radrunden ist es dann aber passiert. Dennis konnte dem Tempo nicht mehr folgen und die verbliebenden Vier mussten es jetzt richten. Dennis ist zwar noch die 20km zu Ende gefahren, war dann aber laut Regelwerk des Teamrennens verpflichtet das Rennen in der Wechselzone zu beenden. Franz, Noah, Yoram und Lukas konnten gemeinsam die letzte Runde noch gut absolvieren und gingen mit Kampfeslust auf die abschlie\u00dfenden 5km.<\/div>\n<div class=\"panel-layout\">\u00a0<\/div>\n<div class=\"panel-layout\">Der 5km Lauf f\u00fchrt \u00fcber 2 Runden quer durch einen Park in dem gerade Strecken eine Seltenheit sind. Das klassische Bild eines Teamrennens hat sich auch hier wieder gefunden: Die Hand am R\u00fccken des Vordermanns. Innerhalb dieses Rennens ist es erlaubt seinen Teamkameraden mit der Hand im R\u00fccken zu unterst\u00fctzen. Franz, der schon einen gro\u00dfen Teil der Arbeit auf dem Rad verrichtet hat, spielte auch hier seine St\u00e4rke aus und schob Yoram \u00fcber die gesamte Strecke. In Yorams Worten: \"Den All-Inclusive Service habe ich gern in Anspruch genommen\". W\u00e4hrend Dennis nur noch von der Seite anfeuern konnte wurde Noah auf der Strecke von Lukas unterst\u00fctzt. Am Ende des Fights steht die sechste Laufzeit zur Buche.<\/div>\n<div class=\"panel-layout\">\u00a0<\/div>\n<div class=\"panel-layout\">Im Ziel angekommen hie\u00df es nun warten - auf die Ergebnisse. Was ist unsere Zeit Wert? Welche Teams, die hinter uns gestartet sind, holen uns noch ein? Die Antwort: Nicht viele. Am Ende k\u00f6nnen wir einen guten 9. Platz aus G\u00fctersloh mit nach Hause nehmen. Damit halten wir uns genau im Mittelfeld auf und haben die\u00a0Basis f\u00fcr den\u00a0Klassenerhalt gelegt, denn am Ende der Saison werden in diesem Jahr sechs Teams die Liga nach unten verlassen. Das n\u00e4chste Rennen findet am 19.06. \u00fcber die Sprintdistanz in Eutin statt.<\/div>\n<div class=\"panel-layout\">\u00a0<\/div>\n<div class=\"panel-layout\">Foto: <a href=\"https:\/\/www.instagram.com\/ricco_hoffmann\/\">Ricco Hoffmann<\/a><\/div>\n<\/div>\n<\/div><\/div><\/div><\/div><\/div>","protected":false},"excerpt":{"rendered":"<p>Beim Saisonauftakt in G\u00fctersloh konnten wir einen guten 9. Platz unter den 19 Mannschaften sichern. Im regnerischen G\u00fctersloh gingen zwei Neuzug\u00e4nge und drei bekannte Gesichter an den Start, um schnellstm\u00f6glich als Team die Sprintdistanz von 750m Schwimmen, 20km Radfahren und 5km Laufen zu absolvieren.\u00a0Unser erster Neuzugang in den Starting Five von G\u00fctersloh ist Yoram H\u00fcbl, [&hellip;]<\/p>\n","protected":false},"author":1,"featured_media":500,"comment_status":"closed","ping_status":"closed","sticky":false,"template":"","format":"standard","meta":[],"categories":[1],"tags":[],"_links":{"self":[{"href":"http:\/\/trizack.de\/triteam\/wp-json\/wp\/v2\/posts\/494"}],"collection":[{"href":"http:\/\/trizack.de\/triteam\/wp-json\/wp\/v2\/posts"}],"about":[{"href":"http:\/\/trizack.de\/triteam\/wp-json\/wp\/v2\/types\/post"}],"author":[{"embeddable":true,"href":"http:\/\/trizack.de\/triteam\/wp-json\/wp\/v2\/users\/1"}],"replies":[{"embeddable":true,"href":"http:\/\/trizack.de\/triteam\/wp-json\/wp\/v2\/comments?post=494"}],"version-history":[{"count":7,"href":"http:\/\/trizack.de\/triteam\/wp-json\/wp\/v2\/posts\/494\/revisions"}],"predecessor-version":[{"id":503,"href":"http:\/\/trizack.de\/triteam\/wp-json\/wp\/v2\/posts\/494\/revisions\/503"}],"wp:featuredmedia":[{"embeddable":true,"href":"http:\/\/trizack.de\/triteam\/wp-json\/wp\/v2\/media\/500"}],"wp:attachment":[{"href":"http:\/\/trizack.de\/triteam\/wp-json\/wp\/v2\/media?parent=494"}],"wp:term":[{"taxonomy":"category","embeddable":true,"href":"http:\/\/trizack.de\/triteam\/wp-json\/wp\/v2\/categories?post=494"},{"taxonomy":"post_tag","embeddable":true,"href":"http:\/\/trizack.de\/triteam\/wp-json\/wp\/v2\/tags?post=494"}],"curies":[{"name":"wp","href":"https:\/\/api.w.org\/{rel}","templated":true}]}}