{"id":477,"date":"2022-05-25T17:04:43","date_gmt":"2022-05-25T15:04:43","guid":{"rendered":"http:\/\/trizack.de\/triteam\/?p=477"},"modified":"2022-05-25T17:16:49","modified_gmt":"2022-05-25T15:16:49","slug":"saisonauftakt-in-guetersloh","status":"publish","type":"post","link":"http:\/\/trizack.de\/triteam\/2022\/05\/25\/saisonauftakt-in-guetersloh\/","title":{"rendered":"Saisonauftakt in G\u00fctersloh"},"content":{"rendered":"<div id=\"pl-477\"  class=\"panel-layout\" ><div id=\"pg-477-0\"  class=\"panel-grid panel-no-style\" ><div id=\"pgc-477-0-0\"  class=\"panel-grid-cell\" ><div id=\"panel-477-0-0-0\" class=\"so-panel widget widget_sow-editor panel-first-child panel-last-child\" data-index=\"0\" ><div\n\t\t\t\n\t\t\tclass=\"so-widget-sow-editor so-widget-sow-editor-base\"\n\t\t\t\n\t\t>\n<div class=\"siteorigin-widget-tinymce textwidget\">\n\t<p>Am Sonntag geht es endlich wieder los. Die Saison der 2. Bundesliga Nord startet -\u00a0wie vor Corona fast schon traditionell - im\u00a0nordrhein-westf\u00e4lischem G\u00fctersloh.<\/p>\n<p>Nach einer langen Zeit mit vielen Absagen, Verschiebungen oder Duathlons sind wir\u00a0mehr als hei\u00df\u00a0auf den bevorstehenden Auftakt. Wie in der Vergangenheit wartet auf unsere f\u00fcnf Jungs ein Teamsprint \u00fcber 750m Schwimmen im G\u00fctersloher Freibecken, 20km Radfahren in und um die Stadt und 5km Laufen im Park. Die Besonderheit beim Teamsprint: Es m\u00fcssen mindestens vier unserer Jungs zusammen bleiben. Am\u00a0Ende wird\u00a0die Zeit des Vierten gewertet. Hier unterst\u00fctzen die St\u00e4rkeren also die Schw\u00e4cheren und bringen diese zu neuen Bestleistungen. Im Wasser gibt es den Wasserschatten, beim Radfahren den gewohnten Windschatten und im Laufen - tja - da gibt es dann f\u00fcr mindestens einen die Hand am R\u00fccken.<\/p>\n<p>Ins Rennen starten wir am Sonntag mit zwei Neuzug\u00e4ngen und drei bekannten Gesichtern. Der erste Neuzugang, Yoram H\u00fcbl, ist vom Bundesnachwuchsst\u00fctzpunkt in Neubrandenburg. Mit seinem Jahrgang 2005 ist er auch gleichzeitig unser j\u00fcngster Sportler im triZack-Dress. Unwesentlich \u00e4lter, mit Jahrgang 2004, ist Noah Brendholdt. Noah ist aus unserer d\u00e4nischen Partnerstart Aarhus und stand bereits im letzten Jahr f\u00fcr uns in Hannover an der Startlinie. Danach machen wir einen kleinen Generationensprung zu unserem Teamchef Lukas Schn\u00f6dewind, der sich nach seinem ersten Profirennen beim IM 70.3 Mallorca, wieder ein bisschen j\u00fcnglichen Speed abholen m\u00f6chte. Den m\u00f6chte sich auch unser zweiter Neuzugang abholen: Franz L\u00f6schke. Franz ist seit vielen Jahren Profitriathlet, ehemaliger U23-Weltmeister und zu letzt Sechster beim IM S\u00fcdafrika geworden. Das Team komplettiert Dennis Weu, der nicht nur am Start steht, damit seine Serie \"Ich stand seit Teamgr\u00fcndung jedes Rennen in G\u00fctersloh am Start\" nicht reist. Wir\u00a0sind optimistisch\u00a0mit der Mischung aus Nachwuchs, Profi und Tradition eine passende homogene Mannschaft am Start zu haben.<\/p>\n<p>Aber auch die 2. Bundesliga Nord hat Neuzug\u00e4nge, weshalb in diesem Jahr 19 Teams mit uns zusammen an der Startlinie stehen und um Auf- und Abstieg k\u00e4mpfen. Nach den f\u00fcnf Rennen in G\u00fctersloh, Eutin, Verl, Grimma und Hannover soll es dann aber wieder etwas famili\u00e4rer werden, sodass ganze 6 Teams - 14. Platz und schlechter - am Ende der Saison die Liga verlassen m\u00fcssen. Wir hoffen in G\u00fctersloh einen guten Auftakt zu finden, um dem Abstiegskampf von Anfang an fern zu bleiben \ud83d\ude09<\/p>\n<p>Wir freuen uns, dass wir weiterhin auf unsere Sponsoren bauen k\u00f6nnen:<\/p>\n<div class=\"row\" style=\"display: flex; align-items: center;\">\n<div class=\"col-xs-2\"><\/div>\n<div class=\"col-xs-2\">\n<a href=\"https:\/\/www.ospa.de\/de\/home.html\" target=\"_blank\"><br \/>\n<img decoding=\"async\" src=\"http:\/\/neu.trizack.de\/triteam\/wp-content\/uploads\/sites\/2\/2017\/05\/ospa_logo.png\"\/><br \/>\n<\/a><\/div>\n<div class=\"col-xs-2\">\n<a href=\"https:\/\/www.swrag.de\/\" target=\"_blank\"><br \/>\n<img decoding=\"async\" src=\"http:\/\/trizack.de\/triteam\/wp-content\/uploads\/sites\/2\/2020\/02\/logo_stadtwerke.jpg\"\/><br \/>\n<\/a><\/div>\n<div class=\"col-xs-2\">\n<a href=\"http:\/\/warnowtunnel.de\/\" target=\"_blank\"><br \/>\n<img decoding=\"async\" src=\"http:\/\/neu.trizack.de\/triteam\/wp-content\/uploads\/sites\/2\/2017\/04\/warnowtunnel.png\"\/><\/a>\n<\/div>\n<div class=\"col-xs-2\">\n<a href=\"https:\/\/www.bikemarket24.de\/\" target=\"_blank\"><br \/>\n<img decoding=\"async\" src=\"http:\/\/neu.trizack.de\/triteam\/wp-content\/uploads\/sites\/2\/2017\/04\/bikemarket.png\"\/><\/a>\n<\/div>\n<div class=\"col-xs-2\"><\/div>\n<\/div>\n<div class=\"row\">\n<div class=\"col-xs-2\"><\/div>\n<div class=\"col-xs-2\">\n<\/div>\n<div class=\"col-xs-2\">\n<a href=\"http:\/\/moebel-wikinger.de\/\" target=\"_blank\"><br \/>\n<img decoding=\"async\" src=\"http:\/\/neu.trizack.de\/triteam\/wp-content\/uploads\/sites\/2\/2017\/04\/wikinger-1.jpg\"\/><\/a>\n<\/div>\n<div class=\"col-xs-2\">\n<a href=\"https:\/\/www.cube-store-rostock.de\/\" target=\"_blank\"><br \/>\n<img decoding=\"async\" src=\"http:\/\/trizack.de\/triteam\/wp-content\/uploads\/sites\/2\/2017\/11\/cube_rostock.png\"\/><\/a>\n<\/div>\n<div class=\"col-xs-2\">\n<\/div>\n<div class=\"col-xs-2\"><\/div>\n<\/div>\n<p>Vielen Dank! Ohne Euch w\u00e4re dies alles nicht m\u00f6glich!<\/p>\n<\/div>\n<\/div><\/div><\/div><\/div><\/div>","protected":false},"excerpt":{"rendered":"<p>Am Sonntag geht es endlich wieder los. Die Saison der 2. Bundesliga Nord startet &#8211;\u00a0wie vor Corona fast schon traditionell &#8211; im\u00a0nordrhein-westf\u00e4lischem G\u00fctersloh. Nach einer langen Zeit mit vielen Absagen, Verschiebungen oder Duathlons sind wir\u00a0mehr als hei\u00df\u00a0auf den bevorstehenden Auftakt. Wie in der Vergangenheit wartet auf unsere f\u00fcnf Jungs ein Teamsprint \u00fcber 750m Schwimmen im [&hellip;]<\/p>\n","protected":false},"author":1,"featured_media":491,"comment_status":"closed","ping_status":"closed","sticky":false,"template":"","format":"standard","meta":[],"categories":[1],"tags":[],"_links":{"self":[{"href":"http:\/\/trizack.de\/triteam\/wp-json\/wp\/v2\/posts\/477"}],"collection":[{"href":"http:\/\/trizack.de\/triteam\/wp-json\/wp\/v2\/posts"}],"about":[{"href":"http:\/\/trizack.de\/triteam\/wp-json\/wp\/v2\/types\/post"}],"author":[{"embeddable":true,"href":"http:\/\/trizack.de\/triteam\/wp-json\/wp\/v2\/users\/1"}],"replies":[{"embeddable":true,"href":"http:\/\/trizack.de\/triteam\/wp-json\/wp\/v2\/comments?post=477"}],"version-history":[{"count":14,"href":"http:\/\/trizack.de\/triteam\/wp-json\/wp\/v2\/posts\/477\/revisions"}],"predecessor-version":[{"id":492,"href":"http:\/\/trizack.de\/triteam\/wp-json\/wp\/v2\/posts\/477\/revisions\/492"}],"wp:featuredmedia":[{"embeddable":true,"href":"http:\/\/trizack.de\/triteam\/wp-json\/wp\/v2\/media\/491"}],"wp:attachment":[{"href":"http:\/\/trizack.de\/triteam\/wp-json\/wp\/v2\/media?parent=477"}],"wp:term":[{"taxonomy":"category","embeddable":true,"href":"http:\/\/trizack.de\/triteam\/wp-json\/wp\/v2\/categories?post=477"},{"taxonomy":"post_tag","embeddable":true,"href":"http:\/\/trizack.de\/triteam\/wp-json\/wp\/v2\/tags?post=477"}],"curies":[{"name":"wp","href":"https:\/\/api.w.org\/{rel}","templated":true}]}}