{"id":445,"date":"2021-06-24T23:18:28","date_gmt":"2021-06-24T21:18:28","guid":{"rendered":"http:\/\/trizack.de\/triteam\/?p=445"},"modified":"2021-06-24T23:18:50","modified_gmt":"2021-06-24T21:18:50","slug":"2-bundesliga-saisonstart-in-potsdam","status":"publish","type":"post","link":"http:\/\/trizack.de\/triteam\/2021\/06\/24\/2-bundesliga-saisonstart-in-potsdam\/","title":{"rendered":"2. Bundesliga Saisonstart in Potsdam"},"content":{"rendered":"<div id=\"pl-445\"  class=\"panel-layout\" ><div id=\"pg-445-0\"  class=\"panel-grid panel-no-style\" ><div id=\"pgc-445-0-0\"  class=\"panel-grid-cell\" ><div id=\"panel-445-0-0-0\" class=\"so-panel widget widget_sow-editor panel-first-child panel-last-child\" data-index=\"0\" ><div\n\t\t\t\n\t\t\tclass=\"so-widget-sow-editor so-widget-sow-editor-base\"\n\t\t\t\n\t\t>\n<div class=\"siteorigin-widget-tinymce textwidget\">\n\t<p>Am Samstag findet endlich der langersehnte Saisonauftakt der 2. Triathlon Bundesliga Nord in Potsdam statt. Beim eigens f\u00fcr die Liga ins Leben gerufenen Rennen - bei dem auch die 1. Bundesliga ausgetragen wird - werden unsere Jungs in einem komplett neuem Format um Platzierungen k\u00e4mpfen.<\/p>\n<p>Eigentlich sollte der Saisonauftakt wie \u00fcblich Ende Mai in G\u00fctersloh stattfinden und wir w\u00e4ren gerade erst vor ein paar Tagen aus dem nahen Eutin vom zweiten Rennen der Saison wieder in Rostock angekommen - doch wie wir wissen ist zur Zeit alles anders. Nach den Absagen f\u00fcr G\u00fctersloh und Eutin sind wir froh, dass sich mit Potsdam ein au\u00dferplanm\u00e4\u00dfiger Ersatzort gefunden hat.<\/p>\n<p>Bei dem Rennen um den Luftschifffahrthafen in Potsdam werden die Rennen der 2. Bundesliga Nord und 1. Bundesliga ausgetragen. Auf dem Plan steht etwas exotisches: Am Vormittag wird ein Prolog \u00fcber 250m Schwimmen, 2,8km Rad und 1,1km Laufen im Einzelmodus absolviert, bevor es am Nachmittag mit den Abst\u00e4nden vom Prolog in eine Verfolgungsstaffel geht. Bei der Staffel wird dann auch gleich die Raddistanz verdoppelt - auf 5.6km. Antreten d\u00fcrfen, anders als sonst, nur 4 unserer Athleten. Eins ist klar: Es wird richtig schnell &amp; jede Sekunde z\u00e4hlt!<\/p>\n<p>M\u00f6glichst wenige Sekunden auf der Strecken liegen lassen sollen:<\/p>\n<p>\u00a0<\/p>\n<ul>\n<li>Jonas Mier - unser Neuzugang der als ehemaliger Schwimmer aktuell im Talenttransferprogramm der DTU ist<\/li>\n<li>Joshua Berles - der \u00fcber die Winterzeit am Queens College in den USA sein Training absolviert<\/li>\n<li>Tom Heisig - vom St\u00fctzpunkt in Neubrandenburg und<\/li>\n<li>Simon Vogel - vom St\u00fctzpunkt in Rostock<\/li>\n<\/ul>\n<p>\u00a0<\/p>\n<p>Wir sind absolut motiviert nach dieser langen Zeit endlich wieder in der Liga um die Pl\u00e4tze zu k\u00e4mpfen!<\/p>\n<p>Der Prolog findet um 11.00 Uhr statt und die Verfolgungsstaffel um 15.00 Uhr.<\/p>\n<p>Ihr k\u00f6nnte uns auf <a href=\"https:\/\/www.facebook.com\/triteamtrizack\/\">Facebook<\/a> &amp; <a href=\"https:\/\/www.instagram.com\/triteam_trizack\/\">Instagram<\/a> folgen!<\/p>\n<\/div>\n<\/div><\/div><\/div><\/div><\/div>","protected":false},"excerpt":{"rendered":"<p>Am Samstag findet endlich der langersehnte Saisonauftakt der 2. Triathlon Bundesliga Nord in Potsdam statt. Beim eigens f\u00fcr die Liga ins Leben gerufenen Rennen &#8211; bei dem auch die 1. Bundesliga ausgetragen wird &#8211; werden unsere Jungs in einem komplett neuem Format um Platzierungen k\u00e4mpfen.Eigentlich sollte der Saisonauftakt wie \u00fcblich Ende Mai in G\u00fctersloh stattfinden [&hellip;]<\/p>\n","protected":false},"author":1,"featured_media":0,"comment_status":"closed","ping_status":"closed","sticky":false,"template":"","format":"standard","meta":[],"categories":[4],"tags":[],"_links":{"self":[{"href":"http:\/\/trizack.de\/triteam\/wp-json\/wp\/v2\/posts\/445"}],"collection":[{"href":"http:\/\/trizack.de\/triteam\/wp-json\/wp\/v2\/posts"}],"about":[{"href":"http:\/\/trizack.de\/triteam\/wp-json\/wp\/v2\/types\/post"}],"author":[{"embeddable":true,"href":"http:\/\/trizack.de\/triteam\/wp-json\/wp\/v2\/users\/1"}],"replies":[{"embeddable":true,"href":"http:\/\/trizack.de\/triteam\/wp-json\/wp\/v2\/comments?post=445"}],"version-history":[{"count":6,"href":"http:\/\/trizack.de\/triteam\/wp-json\/wp\/v2\/posts\/445\/revisions"}],"predecessor-version":[{"id":451,"href":"http:\/\/trizack.de\/triteam\/wp-json\/wp\/v2\/posts\/445\/revisions\/451"}],"wp:attachment":[{"href":"http:\/\/trizack.de\/triteam\/wp-json\/wp\/v2\/media?parent=445"}],"wp:term":[{"taxonomy":"category","embeddable":true,"href":"http:\/\/trizack.de\/triteam\/wp-json\/wp\/v2\/categories?post=445"},{"taxonomy":"post_tag","embeddable":true,"href":"http:\/\/trizack.de\/triteam\/wp-json\/wp\/v2\/tags?post=445"}],"curies":[{"name":"wp","href":"https:\/\/api.w.org\/{rel}","templated":true}]}}