{"id":437,"date":"2021-05-01T11:57:45","date_gmt":"2021-05-01T09:57:45","guid":{"rendered":"http:\/\/trizack.de\/triteam\/?p=437"},"modified":"2021-05-01T11:57:45","modified_gmt":"2021-05-01T09:57:45","slug":"saisonstart-fuer-michael-raelert-und-baptiste-neveu","status":"publish","type":"post","link":"http:\/\/trizack.de\/triteam\/2021\/05\/01\/saisonstart-fuer-michael-raelert-und-baptiste-neveu\/","title":{"rendered":"Saisonstart f\u00fcr Michael Raelert und Baptiste Neveu"},"content":{"rendered":"<div id=\"pl-437\"  class=\"panel-layout\" ><div id=\"pg-437-0\"  class=\"panel-grid panel-no-style\" ><div id=\"pgc-437-0-0\"  class=\"panel-grid-cell\" ><div id=\"panel-437-0-0-0\" class=\"so-panel widget widget_sow-editor panel-first-child panel-last-child\" data-index=\"0\" ><div\n\t\t\t\n\t\t\tclass=\"so-widget-sow-editor so-widget-sow-editor-base\"\n\t\t\t\n\t\t>\n<div class=\"siteorigin-widget-tinymce textwidget\">\n\t<p>W\u00e4hrend unsere Bundesliga- und Regionalligasaison noch etwas auf sich warten l\u00e4sst, d\u00fcrfen bereits heute unsere zwei Profitriathleten Michael Raelert und Baptiste Neveu beim\u00a0Ironman 70.3 im amerikanischen St. George in die Saison starten.<\/p>\n<p>Auf das Rennen \u00fcber 1,9km Schwimmen, 90km Radfahren und 21km Laufen haben sich Micha, der im Corona-Jahr 2020 seinen ersten Zweitligaeinsatz f\u00fcr uns hatte, und Baptiste, unser franz\u00f6sischer Neuzugang,\u00a0fast ausschlie\u00dflich in unserem geliebten Rostock vorbereitet.<\/p>\n<p>Wir dr\u00fccken Micha, als 2-fachen Weltmeister \u00fcber genau diese Distanz, und Baptiste, der mit Jahrgang 1999 eine der j\u00fcngeren Starter im Feld ist, die Daumen f\u00fcr einen gelungenen Saisonstart! In ein paar\u00a0Wochen d\u00fcrft ihr uns dann bei den wirklich wichtigen Rennen in der 2. Bundesliga vertreten!<\/p>\n<p>Das Rennen k\u00f6nnte ihr Live auf der\u00a0<a href=\"https:\/\/www.facebook.com\/IRONMANnow\/videos\/449479172949430\">Facebookseite von IRONMAN<\/a> verfolgen. Start des Streams ist um 14.25 Uhr unserer Zeit.<\/p>\n<\/div>\n<\/div><\/div><\/div><\/div><\/div>","protected":false},"excerpt":{"rendered":"<p>W\u00e4hrend unsere Bundesliga- und Regionalligasaison noch etwas auf sich warten l\u00e4sst, d\u00fcrfen bereits heute unsere zwei Profitriathleten Michael Raelert und Baptiste Neveu beim\u00a0Ironman 70.3 im amerikanischen St. George in die Saison starten.Auf das Rennen \u00fcber 1,9km Schwimmen, 90km Radfahren und 21km Laufen haben sich Micha, der im Corona-Jahr 2020 seinen ersten Zweitligaeinsatz f\u00fcr uns hatte, [&hellip;]<\/p>\n","protected":false},"author":1,"featured_media":440,"comment_status":"closed","ping_status":"closed","sticky":false,"template":"","format":"standard","meta":[],"categories":[1],"tags":[],"_links":{"self":[{"href":"http:\/\/trizack.de\/triteam\/wp-json\/wp\/v2\/posts\/437"}],"collection":[{"href":"http:\/\/trizack.de\/triteam\/wp-json\/wp\/v2\/posts"}],"about":[{"href":"http:\/\/trizack.de\/triteam\/wp-json\/wp\/v2\/types\/post"}],"author":[{"embeddable":true,"href":"http:\/\/trizack.de\/triteam\/wp-json\/wp\/v2\/users\/1"}],"replies":[{"embeddable":true,"href":"http:\/\/trizack.de\/triteam\/wp-json\/wp\/v2\/comments?post=437"}],"version-history":[{"count":3,"href":"http:\/\/trizack.de\/triteam\/wp-json\/wp\/v2\/posts\/437\/revisions"}],"predecessor-version":[{"id":441,"href":"http:\/\/trizack.de\/triteam\/wp-json\/wp\/v2\/posts\/437\/revisions\/441"}],"wp:featuredmedia":[{"embeddable":true,"href":"http:\/\/trizack.de\/triteam\/wp-json\/wp\/v2\/media\/440"}],"wp:attachment":[{"href":"http:\/\/trizack.de\/triteam\/wp-json\/wp\/v2\/media?parent=437"}],"wp:term":[{"taxonomy":"category","embeddable":true,"href":"http:\/\/trizack.de\/triteam\/wp-json\/wp\/v2\/categories?post=437"},{"taxonomy":"post_tag","embeddable":true,"href":"http:\/\/trizack.de\/triteam\/wp-json\/wp\/v2\/tags?post=437"}],"curies":[{"name":"wp","href":"https:\/\/api.w.org\/{rel}","templated":true}]}}