{"id":411,"date":"2019-05-22T21:32:57","date_gmt":"2019-05-22T19:32:57","guid":{"rendered":"http:\/\/trizack.de\/triteam\/?p=411"},"modified":"2019-05-22T21:32:57","modified_gmt":"2019-05-22T19:32:57","slug":"saisonauftakt-geglueckt-8-platz-in-guetersloh","status":"publish","type":"post","link":"http:\/\/trizack.de\/triteam\/2019\/05\/22\/saisonauftakt-geglueckt-8-platz-in-guetersloh\/","title":{"rendered":"Saisonauftakt gegl\u00fcckt &#8211; 8. Platz in G\u00fctersloh"},"content":{"rendered":"<div id=\"pl-411\"  class=\"panel-layout\" ><div id=\"pg-411-0\"  class=\"panel-grid panel-no-style\" ><div id=\"pgc-411-0-0\"  class=\"panel-grid-cell\" ><div id=\"panel-411-0-0-0\" class=\"so-panel widget widget_sow-editor panel-first-child\" data-index=\"0\" ><div\n\t\t\t\n\t\t\tclass=\"so-widget-sow-editor so-widget-sow-editor-base\"\n\t\t\t\n\t\t>\n<div class=\"siteorigin-widget-tinymce textwidget\">\n\t<div style=\"text-align: center;\"><iframe loading=\"lazy\" style=\"border: none; overflow: hidden;\" src=\"https:\/\/www.facebook.com\/plugins\/video.php?href=https%3A%2F%2Fwww.facebook.com%2Ftriteamtrizack%2Fvideos%2F644939355933622%2F&amp;show_text=0&amp;width=560\" width=\"560\" height=\"315\" frameborder=\"0\" scrolling=\"no\" allowfullscreen=\"allowfullscreen\"><\/iframe><\/div>\n<\/div>\n<\/div><\/div><div id=\"panel-411-0-0-1\" class=\"so-panel widget widget_sow-editor panel-last-child\" data-index=\"1\" ><div\n\t\t\t\n\t\t\tclass=\"so-widget-sow-editor so-widget-sow-editor-base\"\n\t\t\t\n\t\t>\n<div class=\"siteorigin-widget-tinymce textwidget\">\n\t<p><span style=\"font-weight: 400;\">Der Saisonauftakt f\u00fcr das TriTeam triZack Rostock ist gegl\u00fcckt. Beim ersten Rennen der Zweitligasaison, dem Teamsprint in G\u00fctersloh, sicherte sich das Team \u00fcber 750m Schwimmen, 20km Radfahren und 5km Laufen den 8. Platz.<\/span><\/p>\n<p>\u00a0<\/p>\n<p><span style=\"font-weight: 400;\">Das besondere Format, bei dem von f\u00fcnf Leuten immer mindestens vier M\u00e4nner gemeinsam unterwegs sein m\u00fcssen, fordert vor allem ein homogenes Team. Die Gr\u00fcne und hoffentlich homogene Truppe: Lukas Schn\u00f6dewind, der Langdistanzprofi Markus Liebelt, Eric Dittrich, Lukas Preu\u00dfer und Teamkapit\u00e4n Dennis Weu \u00fcber.<\/span><\/p>\n<p>\u00a0<\/p>\n<p><span style=\"font-weight: 400;\">Beim Schwimmen im 50m-Becken des G\u00fctersloher Nordbads bestimmte Lukas Schn\u00f6dewind das Tempo von vorne. Gefolgt von den Andren im kraftsparendem Wasserschatten. Das angeschlagene Tempo reichte f\u00fcr eine Zeit im Mittelfeld und so ging es mit gutem Gef\u00fchl auf die flache Radstrecke. Auf dieser sollten vor allem Profitriathlet Markus Liebelt und Lukas Schn\u00f6dewind das Tempo machen. Da Lukas mit einer noch nicht ganz abgeklungenen Entz\u00fcndung im Knie startete, war f\u00fcr ihn geplant nach dem Radfahren schluss. Im Windschatten versuchten vor allem Eric und Dennis Kr\u00e4fte f\u00fcr das anstehende Laufen zu sparen. <\/span><\/p>\n<p>\u00a0<\/p>\n<p><span style=\"font-weight: 400;\">Die verbliebenden vier Jungs sollten es dann auf der Laufstrecke richten. Hier wurde um jede Sekunde gek\u00e4mpft, um den Mittelfeldplatz vielleicht noch in eine Topplatzierung umzum\u00fcnzen. Mit schiebenden H\u00e4nden im R\u00fccken k\u00e4mpfte vor allem Dennis, der nach langer Krankheitspause im letzten Jahr sein Comeback feierte, teils \u00fcber seinen k\u00f6rperlichen Grenzen.<\/span><\/p>\n<p>\u00a0<\/p>\n<p><span style=\"font-weight: 400;\">Im Ziel angekommen hie\u00df es dann: 8. Platz beim Saisonauftakt. Am Ende fehlte nur eine Sekunde zum 7. Platz, dem SSF Bonn 2, und 10 Sekunden auf den 6. Platz, den sich das Team aus Aachen sicherte. Den Sieg holte sich die zweite Mannschaft des K\u00f6lner Triathlon Teams 01!<\/span><\/p>\n<p>\u00a0<\/p>\n<p><span style=\"font-weight: 400;\">Weiter geht es f\u00fcr das Team bereits n\u00e4chste Woche Samstag in Hannover!<\/span><\/p>\n<\/div>\n<\/div><\/div><\/div><\/div><\/div>","protected":false},"excerpt":{"rendered":"<p>Der Saisonauftakt f\u00fcr das TriTeam triZack Rostock ist gegl\u00fcckt. Beim ersten Rennen der Zweitligasaison, dem Teamsprint in G\u00fctersloh, sicherte sich das Team \u00fcber 750m Schwimmen, 20km Radfahren und 5km Laufen den 8. Platz.\u00a0Das besondere Format, bei dem von f\u00fcnf Leuten immer mindestens vier M\u00e4nner gemeinsam unterwegs sein m\u00fcssen, fordert vor allem ein homogenes Team. Die [&hellip;]<\/p>\n","protected":false},"author":1,"featured_media":0,"comment_status":"closed","ping_status":"closed","sticky":false,"template":"","format":"standard","meta":[],"categories":[1],"tags":[],"_links":{"self":[{"href":"http:\/\/trizack.de\/triteam\/wp-json\/wp\/v2\/posts\/411"}],"collection":[{"href":"http:\/\/trizack.de\/triteam\/wp-json\/wp\/v2\/posts"}],"about":[{"href":"http:\/\/trizack.de\/triteam\/wp-json\/wp\/v2\/types\/post"}],"author":[{"embeddable":true,"href":"http:\/\/trizack.de\/triteam\/wp-json\/wp\/v2\/users\/1"}],"replies":[{"embeddable":true,"href":"http:\/\/trizack.de\/triteam\/wp-json\/wp\/v2\/comments?post=411"}],"version-history":[{"count":4,"href":"http:\/\/trizack.de\/triteam\/wp-json\/wp\/v2\/posts\/411\/revisions"}],"predecessor-version":[{"id":415,"href":"http:\/\/trizack.de\/triteam\/wp-json\/wp\/v2\/posts\/411\/revisions\/415"}],"wp:attachment":[{"href":"http:\/\/trizack.de\/triteam\/wp-json\/wp\/v2\/media?parent=411"}],"wp:term":[{"taxonomy":"category","embeddable":true,"href":"http:\/\/trizack.de\/triteam\/wp-json\/wp\/v2\/categories?post=411"},{"taxonomy":"post_tag","embeddable":true,"href":"http:\/\/trizack.de\/triteam\/wp-json\/wp\/v2\/tags?post=411"}],"curies":[{"name":"wp","href":"https:\/\/api.w.org\/{rel}","templated":true}]}}