{"id":404,"date":"2019-04-16T19:42:34","date_gmt":"2019-04-16T17:42:34","guid":{"rendered":"http:\/\/trizack.de\/triteam\/?p=404"},"modified":"2019-04-16T19:43:08","modified_gmt":"2019-04-16T17:43:08","slug":"danke-corni","status":"publish","type":"post","link":"http:\/\/trizack.de\/triteam\/2019\/04\/16\/danke-corni\/","title":{"rendered":"Danke Corni!"},"content":{"rendered":"<div id=\"pl-404\"  class=\"panel-layout\" ><div id=\"pg-404-0\"  class=\"panel-grid panel-no-style\" ><div id=\"pgc-404-0-0\"  class=\"panel-grid-cell\" ><div id=\"panel-404-0-0-0\" class=\"so-panel widget widget_sow-editor panel-first-child panel-last-child\" data-index=\"0\" ><div\n\t\t\t\n\t\t\tclass=\"so-widget-sow-editor so-widget-sow-editor-base\"\n\t\t\t\n\t\t>\n<div class=\"siteorigin-widget-tinymce textwidget\">\n\t<p>P\u00fcnktlich zum Geburtstag wollen wir unseren liebgewordenen Teamkameraden und Freund Cornelius \"Corni\" Theus in den S\u00fcden von Deutschland verabschieden! Nach zwei Jahren bei uns im wirklichen Norden, mit vielen Eins\u00e4tzen im gr\u00fcnen Dress, vielen Kilometern an der Ostsee geht es f\u00fcr Corni nach seinem erfolgreichen Medizinstudium zusammen mit seiner Freundin nach S\u00fcddeutschland. Weit weg von uns &amp; von der 2. Bundesliga Nord. Wir sagen Danke f\u00fcr viele tolle Momente &amp; wenn wir mal wieder was zum Lachen brauchen, dann fragen wir dich, ob du mal Kraul-Beine schwimmst f\u00fcr uns! \ud83d\ude09<\/p>\n<p>Aber nicht nur wir verabschieden uns von Corni, sondern auch Corni von uns. Deshalb hier die Worte zum Abschied von Corni:<\/p>\n<blockquote>\n<p><span style=\"font-size: 10pt;\">Nach zwei Jahren beim geilsten Club im Norden [Anm. d. Red, da hat er Recht!], geht die Reise f\u00fcr mich ins 800 Kilometer weit entfernte Ludwigsburg weiter. Was mit einem Kennenlernen bei der Premiere des Indoormans 2016 begann, hat sich f\u00fcr mich zu einer Herzensangelegenheit entwickelt. In den Saisons 2017 und 2018 durfte ich mit dem Team der TG TriZack Rostock an den Start gehen. Die Wettkampfsfahrten waren immer ein Highlight, aber auch das regelm\u00e4\u00dfige Training mit euch hat einfach Spa\u00df gemacht und ich habe mich immer nett aufgenommen gef\u00fchlt. Es wird mit Sicherheit nicht mein letzter Abstecher in den Norden gewesen sein und ich freue mich auf ein baldiges Wiedersehen. Vielleicht beim Indoorman 2019?!<\/span><\/p>\n<p><span style=\"font-size: 10pt;\">Ein Dank f\u00fcr die Hammer Zeit an alle Athleten und das geile Team dahinter.<\/span><\/p>\n<p><span style=\"font-size: 10pt;\">Euer Corni<\/span><\/p>\n<\/blockquote>\n<p>Danke!<\/p>\n<\/div>\n<\/div><\/div><\/div><\/div><\/div>","protected":false},"excerpt":{"rendered":"<p>P\u00fcnktlich zum Geburtstag wollen wir unseren liebgewordenen Teamkameraden und Freund Cornelius &#8222;Corni&#8220; Theus in den S\u00fcden von Deutschland verabschieden! Nach zwei Jahren bei uns im wirklichen Norden, mit vielen Eins\u00e4tzen im gr\u00fcnen Dress, vielen Kilometern an der Ostsee geht es f\u00fcr Corni nach seinem erfolgreichen Medizinstudium zusammen mit seiner Freundin nach S\u00fcddeutschland. Weit weg von [&hellip;]<\/p>\n","protected":false},"author":1,"featured_media":405,"comment_status":"closed","ping_status":"closed","sticky":false,"template":"","format":"standard","meta":[],"categories":[1],"tags":[],"_links":{"self":[{"href":"http:\/\/trizack.de\/triteam\/wp-json\/wp\/v2\/posts\/404"}],"collection":[{"href":"http:\/\/trizack.de\/triteam\/wp-json\/wp\/v2\/posts"}],"about":[{"href":"http:\/\/trizack.de\/triteam\/wp-json\/wp\/v2\/types\/post"}],"author":[{"embeddable":true,"href":"http:\/\/trizack.de\/triteam\/wp-json\/wp\/v2\/users\/1"}],"replies":[{"embeddable":true,"href":"http:\/\/trizack.de\/triteam\/wp-json\/wp\/v2\/comments?post=404"}],"version-history":[{"count":4,"href":"http:\/\/trizack.de\/triteam\/wp-json\/wp\/v2\/posts\/404\/revisions"}],"predecessor-version":[{"id":409,"href":"http:\/\/trizack.de\/triteam\/wp-json\/wp\/v2\/posts\/404\/revisions\/409"}],"wp:featuredmedia":[{"embeddable":true,"href":"http:\/\/trizack.de\/triteam\/wp-json\/wp\/v2\/media\/405"}],"wp:attachment":[{"href":"http:\/\/trizack.de\/triteam\/wp-json\/wp\/v2\/media?parent=404"}],"wp:term":[{"taxonomy":"category","embeddable":true,"href":"http:\/\/trizack.de\/triteam\/wp-json\/wp\/v2\/categories?post=404"},{"taxonomy":"post_tag","embeddable":true,"href":"http:\/\/trizack.de\/triteam\/wp-json\/wp\/v2\/tags?post=404"}],"curies":[{"name":"wp","href":"https:\/\/api.w.org\/{rel}","templated":true}]}}