{"id":396,"date":"2019-04-07T18:47:14","date_gmt":"2019-04-07T16:47:14","guid":{"rendered":"http:\/\/trizack.de\/triteam\/?p=396"},"modified":"2019-04-07T18:47:15","modified_gmt":"2019-04-07T16:47:15","slug":"antesten-im-april","status":"publish","type":"post","link":"http:\/\/trizack.de\/triteam\/2019\/04\/07\/antesten-im-april\/","title":{"rendered":"Antesten im April!"},"content":{"rendered":"<div id=\"pl-396\"  class=\"panel-layout\"><div id=\"pg-396-0\"  class=\"panel-grid panel-no-style\"><div id=\"pgc-396-0-0\"  class=\"panel-grid-cell\"><div id=\"panel-396-0-0-0\" class=\"so-panel widget widget_sow-editor panel-first-child panel-last-child\" data-index=\"0\"><div\n\t\t\t\n\t\t\tclass=\"so-widget-sow-editor so-widget-sow-editor-base\">\n<div class=\"siteorigin-widget-tinymce textwidget\">\n\t<p>Bestes Wetter und die Ostsee vor der T\u00fcr - was macht man da als richtiger Triathlet? Richtig! In der Schwimmhalle, gesch\u00fctzt vor der schlimmen Sonne, 800m ballern und anschlie\u00dfend 5km \u00fcber den Asphalt fliegen!<\/p><\/div><\/div><\/div><\/div><\/div><\/div><p> <a href=\"http:\/\/trizack.de\/triteam\/2019\/04\/07\/antesten-im-april\/#more-396\" class=\"more-link\">Weiterlesen<\/a><\/p>","protected":false},"excerpt":{"rendered":"<p>Bestes Wetter und die Ostsee vor der T\u00fcr &#8211; was macht man da als richtiger Triathlet? Richtig! In der Schwimmhalle, gesch\u00fctzt vor der schlimmen Sonne, 800m ballern und anschlie\u00dfend 5km \u00fcber den Asphalt fliegen!Es war wieder so weit. Also noch nicht so weit, dass die Saison anf\u00e4ngt, aber schon weit genug um die aktuelle Form [&hellip;]<\/p>\n","protected":false},"author":1,"featured_media":399,"comment_status":"closed","ping_status":"closed","sticky":false,"template":"","format":"standard","meta":[],"categories":[1],"tags":[],"_links":{"self":[{"href":"http:\/\/trizack.de\/triteam\/wp-json\/wp\/v2\/posts\/396"}],"collection":[{"href":"http:\/\/trizack.de\/triteam\/wp-json\/wp\/v2\/posts"}],"about":[{"href":"http:\/\/trizack.de\/triteam\/wp-json\/wp\/v2\/types\/post"}],"author":[{"embeddable":true,"href":"http:\/\/trizack.de\/triteam\/wp-json\/wp\/v2\/users\/1"}],"replies":[{"embeddable":true,"href":"http:\/\/trizack.de\/triteam\/wp-json\/wp\/v2\/comments?post=396"}],"version-history":[{"count":5,"href":"http:\/\/trizack.de\/triteam\/wp-json\/wp\/v2\/posts\/396\/revisions"}],"predecessor-version":[{"id":402,"href":"http:\/\/trizack.de\/triteam\/wp-json\/wp\/v2\/posts\/396\/revisions\/402"}],"wp:featuredmedia":[{"embeddable":true,"href":"http:\/\/trizack.de\/triteam\/wp-json\/wp\/v2\/media\/399"}],"wp:attachment":[{"href":"http:\/\/trizack.de\/triteam\/wp-json\/wp\/v2\/media?parent=396"}],"wp:term":[{"taxonomy":"category","embeddable":true,"href":"http:\/\/trizack.de\/triteam\/wp-json\/wp\/v2\/categories?post=396"},{"taxonomy":"post_tag","embeddable":true,"href":"http:\/\/trizack.de\/triteam\/wp-json\/wp\/v2\/tags?post=396"}],"curies":[{"name":"wp","href":"https:\/\/api.w.org\/{rel}","templated":true}]}}