{"id":382,"date":"2018-09-12T12:52:33","date_gmt":"2018-09-12T10:52:33","guid":{"rendered":"http:\/\/trizack.de\/triteam\/?p=382"},"modified":"2018-09-12T12:54:16","modified_gmt":"2018-09-12T10:54:16","slug":"4-platz-zum-saisonabschluss-ein-bericht-von-georg-und-seinem-besten-rennen-fuers-team","status":"publish","type":"post","link":"http:\/\/trizack.de\/triteam\/2018\/09\/12\/4-platz-zum-saisonabschluss-ein-bericht-von-georg-und-seinem-besten-rennen-fuers-team\/","title":{"rendered":"4. Platz zum Saisonabschluss &#8211; ein Bericht von Georg und seinem &#8222;besten Rennen f\u00fcrs Team&#8220;"},"content":{"rendered":"<div id=\"pl-382\"  class=\"panel-layout\"><div id=\"pg-382-0\"  class=\"panel-grid panel-no-style\"><div id=\"pgc-382-0-0\"  class=\"panel-grid-cell\"><div id=\"panel-382-0-0-0\" class=\"so-panel widget widget_sow-editor panel-first-child\" data-index=\"0\"><div\n\t\t\t\n\t\t\tclass=\"so-widget-sow-editor so-widget-sow-editor-base\">\n<div class=\"siteorigin-widget-tinymce textwidget\">\n\t<div style=\"text-align: center;\"><iframe loading=\"lazy\" src=\"https:\/\/www.facebook.com\/plugins\/video.php?href=https%3A%2F%2Fwww.facebook.com%2Ftriteamtrizack%2Fvideos%2F690842687958416%2F&show_text=0&width=560\" width=\"560\" height=\"315\" style=\"border:none;overflow:hidden\" scrolling=\"no\" frameborder=\"0\" allowTransparency=\"true\" allowFullScreen=\"true\"><\/iframe><\/div>\n<\/div>\n<\/div><\/div><div id=\"panel-382-0-0-1\" class=\"so-panel widget widget_sow-editor panel-last-child\" data-index=\"1\"><div\n\t\t\t\n\t\t\tclass=\"so-widget-sow-editor so-widget-sow-editor-base\">\n<div class=\"siteorigin-widget-tinymce textwidget\">\n\t<p class=\"p1\"><span class=\"s1\">Auch wenn es schnell gehen sollte: Ich halte mich nat\u00fcrlich nicht kurz, denn Wettkampfberichte mit verhaltener Anteilnahme liest man viele. Doch ein zwischen T\u00fcr und Angel geschriebener Bericht w\u00fcrde ein Wochenende mit Papa Reis und dem TriTeam triZack nicht gut<span class=\"Apple-converted-space\">\u00a0<\/span>genug beschreiben, denn es ist mehr als das.<\/span><\/p><\/div><\/div><\/div><\/div><\/div><\/div><p> <a href=\"http:\/\/trizack.de\/triteam\/2018\/09\/12\/4-platz-zum-saisonabschluss-ein-bericht-von-georg-und-seinem-besten-rennen-fuers-team\/#more-382\" class=\"more-link\">Weiterlesen<\/a><\/p>","protected":false},"excerpt":{"rendered":"<p>Auch wenn es schnell gehen sollte: Ich halte mich nat\u00fcrlich nicht kurz, denn Wettkampfberichte mit verhaltener Anteilnahme liest man viele. Doch ein zwischen T\u00fcr und Angel geschriebener Bericht w\u00fcrde ein Wochenende mit Papa Reis und dem TriTeam triZack nicht gut\u00a0genug beschreiben, denn es ist mehr als das.Was f\u00fcr manche das charakterbildende Auslandsjahr ist, ist f\u00fcr [&hellip;]<\/p>\n","protected":false},"author":1,"featured_media":394,"comment_status":"closed","ping_status":"closed","sticky":false,"template":"","format":"standard","meta":[],"categories":[1],"tags":[],"_links":{"self":[{"href":"http:\/\/trizack.de\/triteam\/wp-json\/wp\/v2\/posts\/382"}],"collection":[{"href":"http:\/\/trizack.de\/triteam\/wp-json\/wp\/v2\/posts"}],"about":[{"href":"http:\/\/trizack.de\/triteam\/wp-json\/wp\/v2\/types\/post"}],"author":[{"embeddable":true,"href":"http:\/\/trizack.de\/triteam\/wp-json\/wp\/v2\/users\/1"}],"replies":[{"embeddable":true,"href":"http:\/\/trizack.de\/triteam\/wp-json\/wp\/v2\/comments?post=382"}],"version-history":[{"count":10,"href":"http:\/\/trizack.de\/triteam\/wp-json\/wp\/v2\/posts\/382\/revisions"}],"predecessor-version":[{"id":393,"href":"http:\/\/trizack.de\/triteam\/wp-json\/wp\/v2\/posts\/382\/revisions\/393"}],"wp:featuredmedia":[{"embeddable":true,"href":"http:\/\/trizack.de\/triteam\/wp-json\/wp\/v2\/media\/394"}],"wp:attachment":[{"href":"http:\/\/trizack.de\/triteam\/wp-json\/wp\/v2\/media?parent=382"}],"wp:term":[{"taxonomy":"category","embeddable":true,"href":"http:\/\/trizack.de\/triteam\/wp-json\/wp\/v2\/categories?post=382"},{"taxonomy":"post_tag","embeddable":true,"href":"http:\/\/trizack.de\/triteam\/wp-json\/wp\/v2\/tags?post=382"}],"curies":[{"name":"wp","href":"https:\/\/api.w.org\/{rel}","templated":true}]}}