{"id":369,"date":"2018-07-17T19:36:04","date_gmt":"2018-07-17T17:36:04","guid":{"rendered":"http:\/\/trizack.de\/triteam\/?p=369"},"modified":"2018-07-17T19:37:12","modified_gmt":"2018-07-17T17:37:12","slug":"7-platz-beim-vierten-rennen-in-verl","status":"publish","type":"post","link":"http:\/\/trizack.de\/triteam\/2018\/07\/17\/7-platz-beim-vierten-rennen-in-verl\/","title":{"rendered":"7. Platz beim vierten Rennen in Verl"},"content":{"rendered":"<div id=\"pl-369\"  class=\"panel-layout\"><div id=\"pg-369-0\"  class=\"panel-grid panel-no-style\"><div id=\"pgc-369-0-0\"  class=\"panel-grid-cell\"><div id=\"panel-369-0-0-0\" class=\"so-panel widget widget_sow-editor panel-first-child\" data-index=\"0\"><div\n\t\t\t\n\t\t\tclass=\"so-widget-sow-editor so-widget-sow-editor-base\">\n<div class=\"siteorigin-widget-tinymce textwidget\">\n\t<div style=\"text-align: center;\"><iframe loading=\"lazy\" src=\"https:\/\/www.facebook.com\/plugins\/video.php?href=https%3A%2F%2Fwww.facebook.com%2Ftriteamtrizack%2Fvideos%2F2077168625880696%2F&show_text=0&width=560\" width=\"560\" height=\"315\" style=\"border:none;overflow:hidden\" scrolling=\"no\" frameborder=\"0\" allowTransparency=\"true\" allowFullScreen=\"true\"><\/iframe><\/div>\n<\/div>\n<\/div><\/div><div id=\"panel-369-0-0-1\" class=\"so-panel widget widget_sow-editor panel-last-child\" data-index=\"1\"><div\n\t\t\t\n\t\t\tclass=\"so-widget-sow-editor so-widget-sow-editor-base\">\n<div class=\"siteorigin-widget-tinymce textwidget\">\n\t<p>\"Endlich - es geht doch!\" - so oder so \u00e4hnlich hat wohl unser Teamchef Stephan, der zur Zeit am anderen Ende der Welt in Tokyo ist, auf das Ergebnis aus Verl reagiert. Es brauchte vier Rennen um in dieser Saison das erste Mal einen Wettkampf zu haben bei dem im Vorfeld Krankheiten &amp; Verletzungen nicht komplett das Bild bestimmten. Etwas bestimmte es uns aber schon. F\u00fcr das Rennen eingeplant waren eigentlich Markus Liebelt und Moritz Blanke - zus\u00e4tzlich zu Cornelius Theus, Lukas Preu\u00dfer und Georg Leidhold. Markus, bei dem eine Fu\u00dfverletzung die letzten Monate pr\u00e4gte, hatte diese endlich \u00fcberwunden und war hei\u00df wieder ins Wettkampfgeschehen einzugreifen. Moritz hatte ebenfalls die ersten Monate der Saison mit einer Verletzung zu k\u00e4mpfen - allerdings in der Schulter. Der Heilungsprozess verlief gut, aber gut genug? Vergangenes Wochenende ergab sich kurzfristig die Option, dass mit Finn Gro\u00dfe-Freese ein weiterer Athlet vom Bundesnachwuchsst\u00fctzpunkt Neubrandenburg starten kann. Ein Tausch von zwei gleich alten (oder eher jungen) Athleten, Moritz gegen Finn, war also m\u00f6glich und wurde zum Wohle der Schulter von Moritz durchgef\u00fchrt. Unser Team f\u00fcr Verl sollte also sein: Markus Liebelt, Georg Leidhold, Lukas Preu\u00dfer, Cornelius Theus und Finn Gro\u00dfe-Freese.<\/p>\n<p><\/p><\/div><\/div><\/div><\/div><\/div><\/div><p> <a href=\"http:\/\/trizack.de\/triteam\/2018\/07\/17\/7-platz-beim-vierten-rennen-in-verl\/#more-369\" class=\"more-link\">Weiterlesen<\/a><\/p>","protected":false},"excerpt":{"rendered":"<p>&#8222;Endlich &#8211; es geht doch!&#8220; &#8211; so oder so \u00e4hnlich hat wohl unser Teamchef Stephan, der zur Zeit am anderen Ende der Welt in Tokyo ist, auf das Ergebnis aus Verl reagiert. Es brauchte vier Rennen um in dieser Saison das erste Mal einen Wettkampf zu haben bei dem im Vorfeld Krankheiten &amp; Verletzungen nicht [&hellip;]<\/p>\n","protected":false},"author":1,"featured_media":374,"comment_status":"closed","ping_status":"closed","sticky":false,"template":"","format":"standard","meta":[],"categories":[1],"tags":[],"_links":{"self":[{"href":"http:\/\/trizack.de\/triteam\/wp-json\/wp\/v2\/posts\/369"}],"collection":[{"href":"http:\/\/trizack.de\/triteam\/wp-json\/wp\/v2\/posts"}],"about":[{"href":"http:\/\/trizack.de\/triteam\/wp-json\/wp\/v2\/types\/post"}],"author":[{"embeddable":true,"href":"http:\/\/trizack.de\/triteam\/wp-json\/wp\/v2\/users\/1"}],"replies":[{"embeddable":true,"href":"http:\/\/trizack.de\/triteam\/wp-json\/wp\/v2\/comments?post=369"}],"version-history":[{"count":10,"href":"http:\/\/trizack.de\/triteam\/wp-json\/wp\/v2\/posts\/369\/revisions"}],"predecessor-version":[{"id":380,"href":"http:\/\/trizack.de\/triteam\/wp-json\/wp\/v2\/posts\/369\/revisions\/380"}],"wp:featuredmedia":[{"embeddable":true,"href":"http:\/\/trizack.de\/triteam\/wp-json\/wp\/v2\/media\/374"}],"wp:attachment":[{"href":"http:\/\/trizack.de\/triteam\/wp-json\/wp\/v2\/media?parent=369"}],"wp:term":[{"taxonomy":"category","embeddable":true,"href":"http:\/\/trizack.de\/triteam\/wp-json\/wp\/v2\/categories?post=369"},{"taxonomy":"post_tag","embeddable":true,"href":"http:\/\/trizack.de\/triteam\/wp-json\/wp\/v2\/tags?post=369"}],"curies":[{"name":"wp","href":"https:\/\/api.w.org\/{rel}","templated":true}]}}