{"id":356,"date":"2018-07-03T14:08:17","date_gmt":"2018-07-03T12:08:17","guid":{"rendered":"http:\/\/trizack.de\/triteam\/?p=356"},"modified":"2018-07-05T14:10:40","modified_gmt":"2018-07-05T12:10:40","slug":"12-platz-beim-dritten-rennen-in-grimma","status":"publish","type":"post","link":"http:\/\/trizack.de\/triteam\/2018\/07\/03\/12-platz-beim-dritten-rennen-in-grimma\/","title":{"rendered":"12. Platz beim dritten Rennen in Grimma"},"content":{"rendered":"<div id=\"pl-356\"  class=\"panel-layout\"><div id=\"pg-356-0\"  class=\"panel-grid panel-no-style\"><div id=\"pgc-356-0-0\"  class=\"panel-grid-cell\"><div id=\"panel-356-0-0-0\" class=\"so-panel widget widget_sow-editor panel-first-child panel-last-child\" data-index=\"0\"><div\n\t\t\t\n\t\t\tclass=\"so-widget-sow-editor so-widget-sow-editor-base\">\n<div class=\"siteorigin-widget-tinymce textwidget\">\n\t<p lang=\"zxx\" style=\"text-align: center;\"><iframe loading=\"lazy\" src=\"https:\/\/www.facebook.com\/plugins\/video.php?href=https%3A%2F%2Fwww.facebook.com%2Ftriteamtrizack%2Fvideos%2F2064795563784669%2F&show_text=0&width=560\" width=\"560\" height=\"315\" style=\"border:none;overflow:hidden\" scrolling=\"no\" frameborder=\"0\" allowTransparency=\"true\" allowFullScreen=\"true\"><\/iframe><\/p>\n<p lang=\"zxx\">Dieses Wochenende stand schon seit der Terminvergabe unter keinem guten Stern f\u00fcr uns, denn auf dieses fielen die Deutschen Meisterschaften der Jugend, die Deutschen Meisterschaften der Elite und Altersklassen &amp; die Regionalliga in Schwerin. Dadurch war bereits von Anfang an unsere Personaldecke ausged\u00fcnnt, aber dennoch schlagkr\u00e4ftig. Eins zieht sich jedoch diese Saison wie ein roter Faden durch die Wettk\u00e4mpfe: Verletzungen &amp; Krankheiten. Noch immer sind Dennis, Stephan und Markus nicht einsatzbereit, weshalb unser geplantes Team f\u00fcr Grimma wie folgt aussah: Cornelius Theus, Raik Recksiedler, Olaf Geserick und Lukas Schn\u00f6dewind. Das sind nur Vier Leute, statt der \u00fcblichen F\u00fcnf. Um diese Zahl vollzumachen hat sich Maik M\u00fcller bereit erkl\u00e4rt mitzureisen und zu starten \u2013 als Absicherung \u2013 in dem Wissen gnadenlos das Feld von hinten zu betrachten. Doch dann ergab sich in den letzten Tag noch eine Option: Georg Leidhold schreibt uns, dass er starten w\u00fcrde, wenn er nicht f\u00fcr die Mixed-Team-Relay vom Landesverband aufgestellt wird. Wieso kommt das so \u00fcberraschend? Nun ja, f\u00fcr Georg bedeutet das zwei Rennen, wovon eins die Deutsche Meisterschaft ist, innerhalb von 14 Stunden. Schon jetzt: MVP des Wochenendes.<\/p>\n<p lang=\"zxx\"><\/p><\/div><\/div><\/div><\/div><\/div><\/div><p> <a href=\"http:\/\/trizack.de\/triteam\/2018\/07\/03\/12-platz-beim-dritten-rennen-in-grimma\/#more-356\" class=\"more-link\">Weiterlesen<\/a><\/p>","protected":false},"excerpt":{"rendered":"<p>Dieses Wochenende stand schon seit der Terminvergabe unter keinem guten Stern f\u00fcr uns, denn auf dieses fielen die Deutschen Meisterschaften der Jugend, die Deutschen Meisterschaften der Elite und Altersklassen &amp; die Regionalliga in Schwerin. Dadurch war bereits von Anfang an unsere Personaldecke ausged\u00fcnnt, aber dennoch schlagkr\u00e4ftig. Eins zieht sich jedoch diese Saison wie ein roter [&hellip;]<\/p>\n","protected":false},"author":1,"featured_media":364,"comment_status":"closed","ping_status":"closed","sticky":false,"template":"","format":"standard","meta":[],"categories":[1],"tags":[],"_links":{"self":[{"href":"http:\/\/trizack.de\/triteam\/wp-json\/wp\/v2\/posts\/356"}],"collection":[{"href":"http:\/\/trizack.de\/triteam\/wp-json\/wp\/v2\/posts"}],"about":[{"href":"http:\/\/trizack.de\/triteam\/wp-json\/wp\/v2\/types\/post"}],"author":[{"embeddable":true,"href":"http:\/\/trizack.de\/triteam\/wp-json\/wp\/v2\/users\/1"}],"replies":[{"embeddable":true,"href":"http:\/\/trizack.de\/triteam\/wp-json\/wp\/v2\/comments?post=356"}],"version-history":[{"count":7,"href":"http:\/\/trizack.de\/triteam\/wp-json\/wp\/v2\/posts\/356\/revisions"}],"predecessor-version":[{"id":366,"href":"http:\/\/trizack.de\/triteam\/wp-json\/wp\/v2\/posts\/356\/revisions\/366"}],"wp:featuredmedia":[{"embeddable":true,"href":"http:\/\/trizack.de\/triteam\/wp-json\/wp\/v2\/media\/364"}],"wp:attachment":[{"href":"http:\/\/trizack.de\/triteam\/wp-json\/wp\/v2\/media?parent=356"}],"wp:term":[{"taxonomy":"category","embeddable":true,"href":"http:\/\/trizack.de\/triteam\/wp-json\/wp\/v2\/categories?post=356"},{"taxonomy":"post_tag","embeddable":true,"href":"http:\/\/trizack.de\/triteam\/wp-json\/wp\/v2\/tags?post=356"}],"curies":[{"name":"wp","href":"https:\/\/api.w.org\/{rel}","templated":true}]}}