{"id":331,"date":"2018-06-21T16:49:20","date_gmt":"2018-06-21T14:49:20","guid":{"rendered":"http:\/\/trizack.de\/triteam\/?p=331"},"modified":"2018-07-03T14:12:01","modified_gmt":"2018-07-03T12:12:01","slug":"11-platz-beim-zweiten-rennen-in-jena","status":"publish","type":"post","link":"http:\/\/trizack.de\/triteam\/2018\/06\/21\/11-platz-beim-zweiten-rennen-in-jena\/","title":{"rendered":"11. Platz beim zweiten Rennen in Jena"},"content":{"rendered":"<div id=\"pl-331\"  class=\"panel-layout\"><div id=\"pg-331-0\"  class=\"panel-grid panel-no-style\"><div id=\"pgc-331-0-0\"  class=\"panel-grid-cell\"><div id=\"panel-331-0-0-0\" class=\"so-panel widget widget_sow-editor panel-first-child\" data-index=\"0\"><div\n\t\t\t\n\t\t\tclass=\"so-widget-sow-editor so-widget-sow-editor-base\">\n<div class=\"siteorigin-widget-tinymce textwidget\">\n\t<div style=\"text-align: center;\"><iframe loading=\"lazy\" src=\"https:\/\/www.facebook.com\/plugins\/video.php?href=https%3A%2F%2Fwww.facebook.com%2Ftriteamtrizack%2Fvideos%2F2052613098336249%2F&show_text=0&width=560\" width=\"560\" height=\"315\" style=\"border:none;overflow:hidden\" scrolling=\"no\" frameborder=\"0\" allowTransparency=\"true\" allowFullScreen=\"true\"><\/iframe>\n<\/div>\n<\/div>\n<\/div><\/div><div id=\"panel-331-0-0-1\" class=\"so-panel widget widget_sow-editor panel-last-child\" data-index=\"1\"><div\n\t\t\t\n\t\t\tclass=\"so-widget-sow-editor so-widget-sow-editor-base\">\n<div class=\"siteorigin-widget-tinymce textwidget\">\n\t<p>Mit drei Nachwuchskr\u00e4ften und zwei \"\u00e4lteren\" Athleten erk\u00e4mpfen wir den 11. Platz beim zweiten Rennen der Saison in Jena und k\u00f6nnen trotz vieler Verletzungssorgen einen soliden 12. Platz in der\u00a0Tabelle halten. Wie das Rennen f\u00fcr unseren Deb\u00fctanten Lukas Preu\u00dfer, einem der drei Nachwuchsathleten vom Bundesnachwuchsst\u00fctzpunkt in Neubrandenburg, verlief, lest ihr in seinem Rennbericht.<\/p>\n<p><\/p><\/div><\/div><\/div><\/div><\/div><\/div><p> <a href=\"http:\/\/trizack.de\/triteam\/2018\/06\/21\/11-platz-beim-zweiten-rennen-in-jena\/#more-331\" class=\"more-link\">Weiterlesen<\/a><\/p>","protected":false},"excerpt":{"rendered":"<p>Mit drei Nachwuchskr\u00e4ften und zwei &#8222;\u00e4lteren&#8220; Athleten erk\u00e4mpfen wir den 11. Platz beim zweiten Rennen der Saison in Jena und k\u00f6nnen trotz vieler Verletzungssorgen einen soliden 12. Platz in der\u00a0Tabelle halten. Wie das Rennen f\u00fcr unseren Deb\u00fctanten Lukas Preu\u00dfer, einem der drei Nachwuchsathleten vom Bundesnachwuchsst\u00fctzpunkt in Neubrandenburg, verlief, lest ihr in seinem Rennbericht.Da ich beim [&hellip;]<\/p>\n","protected":false},"author":1,"featured_media":0,"comment_status":"closed","ping_status":"closed","sticky":false,"template":"","format":"standard","meta":[],"categories":[4],"tags":[],"_links":{"self":[{"href":"http:\/\/trizack.de\/triteam\/wp-json\/wp\/v2\/posts\/331"}],"collection":[{"href":"http:\/\/trizack.de\/triteam\/wp-json\/wp\/v2\/posts"}],"about":[{"href":"http:\/\/trizack.de\/triteam\/wp-json\/wp\/v2\/types\/post"}],"author":[{"embeddable":true,"href":"http:\/\/trizack.de\/triteam\/wp-json\/wp\/v2\/users\/1"}],"replies":[{"embeddable":true,"href":"http:\/\/trizack.de\/triteam\/wp-json\/wp\/v2\/comments?post=331"}],"version-history":[{"count":23,"href":"http:\/\/trizack.de\/triteam\/wp-json\/wp\/v2\/posts\/331\/revisions"}],"predecessor-version":[{"id":354,"href":"http:\/\/trizack.de\/triteam\/wp-json\/wp\/v2\/posts\/331\/revisions\/354"}],"wp:attachment":[{"href":"http:\/\/trizack.de\/triteam\/wp-json\/wp\/v2\/media?parent=331"}],"wp:term":[{"taxonomy":"category","embeddable":true,"href":"http:\/\/trizack.de\/triteam\/wp-json\/wp\/v2\/categories?post=331"},{"taxonomy":"post_tag","embeddable":true,"href":"http:\/\/trizack.de\/triteam\/wp-json\/wp\/v2\/tags?post=331"}],"curies":[{"name":"wp","href":"https:\/\/api.w.org\/{rel}","templated":true}]}}