{"id":288,"date":"2018-05-21T15:32:26","date_gmt":"2018-05-21T13:32:26","guid":{"rendered":"http:\/\/trizack.de\/triteam\/?p=288"},"modified":"2018-05-22T10:07:45","modified_gmt":"2018-05-22T08:07:45","slug":"12-platz-beim-saisonauftakt-in-guetersloh","status":"publish","type":"post","link":"http:\/\/trizack.de\/triteam\/2018\/05\/21\/12-platz-beim-saisonauftakt-in-guetersloh\/","title":{"rendered":"12. Platz beim Saisonauftakt in G\u00fctersloh"},"content":{"rendered":"<div id=\"pl-288\"  class=\"panel-layout\"><div id=\"pg-288-0\"  class=\"panel-grid panel-no-style\"><div id=\"pgc-288-0-0\"  class=\"panel-grid-cell\"><div id=\"panel-288-0-0-0\" class=\"so-panel widget widget_sow-editor panel-first-child\" data-index=\"0\"><div\n\t\t\t\n\t\t\tclass=\"so-widget-sow-editor so-widget-sow-editor-base\">\n<div class=\"siteorigin-widget-tinymce textwidget\">\n\t<p>Trotz kurzfristiger Ausf\u00e4lle durch Krankheit und Verletzungen gelingt dem TriTeam ein solider Saisonstart. Wie das Rennen weniger formal ausgedr\u00fcckt lief, lest ihr in unserem Bericht vom Teamkapit\u00e4n Dennis. F\u00fcr die Lesefaulen gibt es weiter unten das Rennvideo! \ud83d\ude09<\/p>\n<p><\/p><\/div><\/div><\/div><\/div><\/div><\/div><p> <a href=\"http:\/\/trizack.de\/triteam\/2018\/05\/21\/12-platz-beim-saisonauftakt-in-guetersloh\/#more-288\" class=\"more-link\">Weiterlesen<\/a><\/p>","protected":false},"excerpt":{"rendered":"<p>Trotz kurzfristiger Ausf\u00e4lle durch Krankheit und Verletzungen gelingt dem TriTeam ein solider Saisonstart. Wie das Rennen weniger formal ausgedr\u00fcckt lief, lest ihr in unserem Bericht vom Teamkapit\u00e4n Dennis. F\u00fcr die Lesefaulen gibt es weiter unten das Rennvideo! ;-)Samstag, 19.05. &#8211; Wir haben es geschafft. Wir sind ein Team, welches morgen mit 5 Leuten an den [&hellip;]<\/p>\n","protected":false},"author":1,"featured_media":298,"comment_status":"closed","ping_status":"closed","sticky":false,"template":"","format":"standard","meta":[],"categories":[1],"tags":[],"_links":{"self":[{"href":"http:\/\/trizack.de\/triteam\/wp-json\/wp\/v2\/posts\/288"}],"collection":[{"href":"http:\/\/trizack.de\/triteam\/wp-json\/wp\/v2\/posts"}],"about":[{"href":"http:\/\/trizack.de\/triteam\/wp-json\/wp\/v2\/types\/post"}],"author":[{"embeddable":true,"href":"http:\/\/trizack.de\/triteam\/wp-json\/wp\/v2\/users\/1"}],"replies":[{"embeddable":true,"href":"http:\/\/trizack.de\/triteam\/wp-json\/wp\/v2\/comments?post=288"}],"version-history":[{"count":25,"href":"http:\/\/trizack.de\/triteam\/wp-json\/wp\/v2\/posts\/288\/revisions"}],"predecessor-version":[{"id":316,"href":"http:\/\/trizack.de\/triteam\/wp-json\/wp\/v2\/posts\/288\/revisions\/316"}],"wp:featuredmedia":[{"embeddable":true,"href":"http:\/\/trizack.de\/triteam\/wp-json\/wp\/v2\/media\/298"}],"wp:attachment":[{"href":"http:\/\/trizack.de\/triteam\/wp-json\/wp\/v2\/media?parent=288"}],"wp:term":[{"taxonomy":"category","embeddable":true,"href":"http:\/\/trizack.de\/triteam\/wp-json\/wp\/v2\/categories?post=288"},{"taxonomy":"post_tag","embeddable":true,"href":"http:\/\/trizack.de\/triteam\/wp-json\/wp\/v2\/tags?post=288"}],"curies":[{"name":"wp","href":"https:\/\/api.w.org\/{rel}","templated":true}]}}