{"id":279,"date":"2018-05-19T09:28:10","date_gmt":"2018-05-19T07:28:10","guid":{"rendered":"http:\/\/trizack.de\/triteam\/?p=279"},"modified":"2018-05-19T09:28:10","modified_gmt":"2018-05-19T07:28:10","slug":"unser-team-fuer-guetersloh","status":"publish","type":"post","link":"http:\/\/trizack.de\/triteam\/2018\/05\/19\/unser-team-fuer-guetersloh\/","title":{"rendered":"Unser Team f\u00fcr G\u00fctersloh!"},"content":{"rendered":"<div id=\"pl-279\"  class=\"panel-layout\" ><div id=\"pg-279-0\"  class=\"panel-grid panel-no-style\" ><div id=\"pgc-279-0-0\"  class=\"panel-grid-cell\" ><div id=\"panel-279-0-0-0\" class=\"so-panel widget widget_sow-editor panel-first-child panel-last-child\" data-index=\"0\" ><div\n\t\t\t\n\t\t\tclass=\"so-widget-sow-editor so-widget-sow-editor-base\"\n\t\t\t\n\t\t>\n<div class=\"siteorigin-widget-tinymce textwidget\">\n\t<p>Zum wiederholten Male ist am Sonntag der Dalkeman in G\u00fctersloh der Austragungsort des ersten Rennens der 2. Bundesliga Nord. Mit dabei sind nat\u00fcrlich auch wir!<\/p>\n<p>Doch wen schicken wir \u00fcber die 750m Schwimmen, 20km Radfahren und 5km Laufen, welche gemeinsam als Team absolviert werden m\u00fcssen, ins Rennen? Die Antwort: 3 Erfahrene und 2 Newcomer auf der Zweitligab\u00fchne!<\/p>\n<p>Die Erfahrenen: Cornelius Theus, Moritz Stader und Dennis Weu<br \/>Die Newcomer: Lukas Schn\u00f6dewind und Daniel Hingst<\/p>\n<p>Lukas Schn\u00f6dewind ersetzt hierbei den leider kranken Teamchef Stephan Reis &amp; Daniel Hingst den verletzten Markus Liebelt. Die Aufgabe von Lukas ist es, als Rettungsschwimmer, im Becken Wasserschatten f\u00fcr den vor allem im Radfahren und Laufen sehr starken Daniel zu geben! Daniel \u00fcbernimmt hingegen dann auf dem Rad mit die Verantwortung und wird uns hoffentlich zu einer neuen pers\u00f6nlichen Teambestzeit fahren!<\/p>\n<p>Wir sind hei\u00df &amp; freuen uns auf den Auftakt!<\/p>\n<p>\u00a0<\/p>\n<\/div>\n<\/div><\/div><\/div><\/div><\/div>","protected":false},"excerpt":{"rendered":"<p>Zum wiederholten Male ist am Sonntag der Dalkeman in G\u00fctersloh der Austragungsort des ersten Rennens der 2. Bundesliga Nord. Mit dabei sind nat\u00fcrlich auch wir!Doch wen schicken wir \u00fcber die 750m Schwimmen, 20km Radfahren und 5km Laufen, welche gemeinsam als Team absolviert werden m\u00fcssen, ins Rennen? Die Antwort: 3 Erfahrene und 2 Newcomer auf der [&hellip;]<\/p>\n","protected":false},"author":1,"featured_media":280,"comment_status":"closed","ping_status":"closed","sticky":false,"template":"","format":"standard","meta":[],"categories":[1],"tags":[],"_links":{"self":[{"href":"http:\/\/trizack.de\/triteam\/wp-json\/wp\/v2\/posts\/279"}],"collection":[{"href":"http:\/\/trizack.de\/triteam\/wp-json\/wp\/v2\/posts"}],"about":[{"href":"http:\/\/trizack.de\/triteam\/wp-json\/wp\/v2\/types\/post"}],"author":[{"embeddable":true,"href":"http:\/\/trizack.de\/triteam\/wp-json\/wp\/v2\/users\/1"}],"replies":[{"embeddable":true,"href":"http:\/\/trizack.de\/triteam\/wp-json\/wp\/v2\/comments?post=279"}],"version-history":[{"count":7,"href":"http:\/\/trizack.de\/triteam\/wp-json\/wp\/v2\/posts\/279\/revisions"}],"predecessor-version":[{"id":287,"href":"http:\/\/trizack.de\/triteam\/wp-json\/wp\/v2\/posts\/279\/revisions\/287"}],"wp:featuredmedia":[{"embeddable":true,"href":"http:\/\/trizack.de\/triteam\/wp-json\/wp\/v2\/media\/280"}],"wp:attachment":[{"href":"http:\/\/trizack.de\/triteam\/wp-json\/wp\/v2\/media?parent=279"}],"wp:term":[{"taxonomy":"category","embeddable":true,"href":"http:\/\/trizack.de\/triteam\/wp-json\/wp\/v2\/categories?post=279"},{"taxonomy":"post_tag","embeddable":true,"href":"http:\/\/trizack.de\/triteam\/wp-json\/wp\/v2\/tags?post=279"}],"curies":[{"name":"wp","href":"https:\/\/api.w.org\/{rel}","templated":true}]}}