{"id":203,"date":"2017-09-05T15:21:15","date_gmt":"2017-09-05T13:21:15","guid":{"rendered":"http:\/\/neu.trizack.de\/triteam\/?p=203"},"modified":"2017-09-07T19:05:34","modified_gmt":"2017-09-07T17:05:34","slug":"10-platz-in-hannover-6-platz-in-der-liga","status":"publish","type":"post","link":"http:\/\/trizack.de\/triteam\/2017\/09\/05\/10-platz-in-hannover-6-platz-in-der-liga\/","title":{"rendered":"10. Platz in Hannover = 6. Platz in der Liga"},"content":{"rendered":"<div id=\"pl-203\"  class=\"panel-layout\"><div id=\"pg-203-0\"  class=\"panel-grid panel-no-style\"><div id=\"pgc-203-0-0\"  class=\"panel-grid-cell\"><div id=\"panel-203-0-0-0\" class=\"so-panel widget widget_sow-editor panel-first-child\" data-index=\"0\"><div\n\t\t\t\n\t\t\tclass=\"so-widget-sow-editor so-widget-sow-editor-base\">\n<div class=\"siteorigin-widget-tinymce textwidget\">\n\t<header>Die Saison 2017 ist Geschichte! Beim Maschseetriathlon in Hannover fand am vergangenen Samstag das Finale der 2. Bundesliga Nord statt. Nach einer sehr konstanten Saison mit dem 7. Platz in G\u00fctersloh, 6. Platz in Eutin, 7. Platz in Verl und 12. Platz in Grimma, sollte auch in Hannover ein gutes Ergebnis rausspringen. Dabei mussten wir allerdings auf die Vielstarter Cornelius Theus (Krank) und Dennis Weu (Masterarbeit) verzichten. F\u00fcr Dennis war es \u00fcbrigens das erste Rennen der ersten Mannschaft (gegr\u00fcndet 2013) an dem er nicht teilnahm - jede Serie rei\u00dft wohl irgendwann mal. Ohne die Beiden sollten es also Andre Bauschmann, Markus Liebelt (Deb\u00fctant), Moritz Stader, Tom Richter und Raik Recksiedler richten!... und das haben sie! Der 10. Tagesplatz mit Andre auf 8., Markus auf 18., Tom auf 63., Moritz 68. und Raik 71 sicherte uns in der Tabelle den 6. Platz wir k\u00f6nnen so nach 2015 (15. Platz) und 2016 (8. Platz) erneut eine Schippe drauf legen!<\/header>\n<header>\n<p>Wie das Rennen aus Sicht unseres Deb\u00fctanten und Langdistanzprofis Markus Liebelt verlaufen ist gibt es nachfolgend zu lesen:<\/p>\n<\/header>\n<p><\/p><\/div><\/div><\/div><\/div><\/div><\/div><p> <a href=\"http:\/\/trizack.de\/triteam\/2017\/09\/05\/10-platz-in-hannover-6-platz-in-der-liga\/#more-203\" class=\"more-link\">Weiterlesen<\/a><\/p>","protected":false},"excerpt":{"rendered":"<p>Die Saison 2017 ist Geschichte! Beim Maschseetriathlon in Hannover fand am vergangenen Samstag das Finale der 2. Bundesliga Nord statt. Nach einer sehr konstanten Saison mit dem 7. Platz in G\u00fctersloh, 6. Platz in Eutin, 7. Platz in Verl und 12. Platz in Grimma, sollte auch in Hannover ein gutes Ergebnis rausspringen. Dabei mussten wir [&hellip;]<\/p>\n","protected":false},"author":1,"featured_media":204,"comment_status":"closed","ping_status":"closed","sticky":false,"template":"","format":"standard","meta":[],"categories":[1],"tags":[],"_links":{"self":[{"href":"http:\/\/trizack.de\/triteam\/wp-json\/wp\/v2\/posts\/203"}],"collection":[{"href":"http:\/\/trizack.de\/triteam\/wp-json\/wp\/v2\/posts"}],"about":[{"href":"http:\/\/trizack.de\/triteam\/wp-json\/wp\/v2\/types\/post"}],"author":[{"embeddable":true,"href":"http:\/\/trizack.de\/triteam\/wp-json\/wp\/v2\/users\/1"}],"replies":[{"embeddable":true,"href":"http:\/\/trizack.de\/triteam\/wp-json\/wp\/v2\/comments?post=203"}],"version-history":[{"count":8,"href":"http:\/\/trizack.de\/triteam\/wp-json\/wp\/v2\/posts\/203\/revisions"}],"predecessor-version":[{"id":226,"href":"http:\/\/trizack.de\/triteam\/wp-json\/wp\/v2\/posts\/203\/revisions\/226"}],"wp:featuredmedia":[{"embeddable":true,"href":"http:\/\/trizack.de\/triteam\/wp-json\/wp\/v2\/media\/204"}],"wp:attachment":[{"href":"http:\/\/trizack.de\/triteam\/wp-json\/wp\/v2\/media?parent=203"}],"wp:term":[{"taxonomy":"category","embeddable":true,"href":"http:\/\/trizack.de\/triteam\/wp-json\/wp\/v2\/categories?post=203"},{"taxonomy":"post_tag","embeddable":true,"href":"http:\/\/trizack.de\/triteam\/wp-json\/wp\/v2\/tags?post=203"}],"curies":[{"name":"wp","href":"https:\/\/api.w.org\/{rel}","templated":true}]}}