{"id":182,"date":"2017-05-22T21:00:44","date_gmt":"2017-05-22T19:00:44","guid":{"rendered":"http:\/\/neu.trizack.de\/triteam\/?p=182"},"modified":"2017-07-12T21:01:47","modified_gmt":"2017-07-12T19:01:47","slug":"182","status":"publish","type":"post","link":"http:\/\/trizack.de\/triteam\/2017\/05\/22\/182\/","title":{"rendered":"Fragen beantwortet \u2013 7. Platz in G\u00fctersloh"},"content":{"rendered":"<div id=\"pl-182\"  class=\"panel-layout\"><div id=\"pg-182-0\"  class=\"panel-grid panel-no-style\"><div id=\"pgc-182-0-0\"  class=\"panel-grid-cell\"><div id=\"panel-182-0-0-0\" class=\"so-panel widget widget_sow-editor panel-first-child panel-last-child\" data-index=\"0\"><div\n\t\t\t\n\t\t\tclass=\"so-widget-sow-editor so-widget-sow-editor-base\">\n<div class=\"siteorigin-widget-tinymce textwidget\">\n\t<p dir=\"ltr\">Wir sind auf der R\u00fcckfahrt, zwei h\u00e4ngen am Handy, einer F\u00e4hrt und ich \u2013 ich schreib den Bericht. Ich? Dennis \u2013 wie immer. Anscheinend m\u00f6chte kein anderer seine Emotionen auf das digitale Papier bringen. Aber wie sagte Stephan bei der Teamvorstellung am Montag: \"Dennis ist eben f\u00fcr alles da\". Deswegen wieder ein Bericht von mir \u00fcber das erste Rennen der Saison!<\/p>\n<p><\/p><\/div><\/div><\/div><\/div><\/div><\/div><p> <a href=\"http:\/\/trizack.de\/triteam\/2017\/05\/22\/182\/#more-182\" class=\"more-link\">Weiterlesen<\/a><\/p>","protected":false},"excerpt":{"rendered":"<p>Wir sind auf der R\u00fcckfahrt, zwei h\u00e4ngen am Handy, einer F\u00e4hrt und ich \u2013 ich schreib den Bericht. Ich? Dennis \u2013 wie immer. Anscheinend m\u00f6chte kein anderer seine Emotionen auf das digitale Papier bringen. Aber wie sagte Stephan bei der Teamvorstellung am Montag: &#8222;Dennis ist eben f\u00fcr alles da&#8220;. Deswegen wieder ein Bericht von mir [&hellip;]<\/p>\n","protected":false},"author":1,"featured_media":183,"comment_status":"closed","ping_status":"closed","sticky":false,"template":"","format":"standard","meta":[],"categories":[1],"tags":[],"_links":{"self":[{"href":"http:\/\/trizack.de\/triteam\/wp-json\/wp\/v2\/posts\/182"}],"collection":[{"href":"http:\/\/trizack.de\/triteam\/wp-json\/wp\/v2\/posts"}],"about":[{"href":"http:\/\/trizack.de\/triteam\/wp-json\/wp\/v2\/types\/post"}],"author":[{"embeddable":true,"href":"http:\/\/trizack.de\/triteam\/wp-json\/wp\/v2\/users\/1"}],"replies":[{"embeddable":true,"href":"http:\/\/trizack.de\/triteam\/wp-json\/wp\/v2\/comments?post=182"}],"version-history":[{"count":5,"href":"http:\/\/trizack.de\/triteam\/wp-json\/wp\/v2\/posts\/182\/revisions"}],"predecessor-version":[{"id":188,"href":"http:\/\/trizack.de\/triteam\/wp-json\/wp\/v2\/posts\/182\/revisions\/188"}],"wp:featuredmedia":[{"embeddable":true,"href":"http:\/\/trizack.de\/triteam\/wp-json\/wp\/v2\/media\/183"}],"wp:attachment":[{"href":"http:\/\/trizack.de\/triteam\/wp-json\/wp\/v2\/media?parent=182"}],"wp:term":[{"taxonomy":"category","embeddable":true,"href":"http:\/\/trizack.de\/triteam\/wp-json\/wp\/v2\/categories?post=182"},{"taxonomy":"post_tag","embeddable":true,"href":"http:\/\/trizack.de\/triteam\/wp-json\/wp\/v2\/tags?post=182"}],"curies":[{"name":"wp","href":"https:\/\/api.w.org\/{rel}","templated":true}]}}