{"id":162,"date":"2017-07-12T20:35:32","date_gmt":"2017-07-12T18:35:32","guid":{"rendered":"http:\/\/neu.trizack.de\/triteam\/?p=162"},"modified":"2017-07-12T20:38:57","modified_gmt":"2017-07-12T18:38:57","slug":"die-kurve-zeigt-weiter-nach-oben","status":"publish","type":"post","link":"http:\/\/trizack.de\/triteam\/2017\/07\/12\/die-kurve-zeigt-weiter-nach-oben\/","title":{"rendered":"Die Kurve zeigt weiter nach oben"},"content":{"rendered":"<div id=\"pl-162\"  class=\"panel-layout\"><div id=\"pg-162-0\"  class=\"panel-grid panel-no-style\"><div id=\"pgc-162-0-0\"  class=\"panel-grid-cell\"><div id=\"panel-162-0-0-0\" class=\"so-panel widget widget_sow-editor panel-first-child panel-last-child\" data-index=\"0\"><div\n\t\t\t\n\t\t\tclass=\"so-widget-sow-editor so-widget-sow-editor-base\">\n<div class=\"siteorigin-widget-tinymce textwidget\">\n\t<p>Am 18.06. stand unser so genannter \"Heimwettkampf\" in der Rosenstadt Eutin auf dem Plan: Die zweite Station in der 2. Bundesliga Nord und dabei der Wettkampf mit der k\u00fcrzesten Anreise f\u00fcr unser Team. Hier galt es, den schon vielversprechenden 7. Platz aus dem ersten Rennen in G\u00fctersloh zu best\u00e4tigen. Das Team reiste schon einen Tag fr\u00fcher an und sammelte mich (Corni) auf dem Weg in L\u00fcbeck ein. Wir bezogen hoch motiviert in einer Unterkunft direkt am Streckenrand Quartier. Im Gegensatz zum ersten Rennen gingen in diesem Mo (Moritz Stader) und Andre Bauschmann - das erste Mal dieser Saison \u201eim leuchtendem Gr\u00fcn\u201c - an den Start. Ebenso Dennis Weu, Mathies Friese und ich, wie schon in G\u00fctersloh. Erg\u00e4nzt wurde das Team wieder vom Teambetreuer Stephan und dem \"M\u00e4dchen f\u00fcr alles\", Jannis.<\/p>\n<p><\/p><\/div><\/div><\/div><\/div><\/div><\/div><p> <a href=\"http:\/\/trizack.de\/triteam\/2017\/07\/12\/die-kurve-zeigt-weiter-nach-oben\/#more-162\" class=\"more-link\">Weiterlesen<\/a><\/p>","protected":false},"excerpt":{"rendered":"<p>Am 18.06. stand unser so genannter &#8222;Heimwettkampf&#8220; in der Rosenstadt Eutin auf dem Plan: Die zweite Station in der 2. Bundesliga Nord und dabei der Wettkampf mit der k\u00fcrzesten Anreise f\u00fcr unser Team. Hier galt es, den schon vielversprechenden 7. Platz aus dem ersten Rennen in G\u00fctersloh zu best\u00e4tigen. Das Team reiste schon einen Tag [&hellip;]<\/p>\n","protected":false},"author":1,"featured_media":170,"comment_status":"closed","ping_status":"closed","sticky":false,"template":"","format":"standard","meta":[],"categories":[1],"tags":[],"_links":{"self":[{"href":"http:\/\/trizack.de\/triteam\/wp-json\/wp\/v2\/posts\/162"}],"collection":[{"href":"http:\/\/trizack.de\/triteam\/wp-json\/wp\/v2\/posts"}],"about":[{"href":"http:\/\/trizack.de\/triteam\/wp-json\/wp\/v2\/types\/post"}],"author":[{"embeddable":true,"href":"http:\/\/trizack.de\/triteam\/wp-json\/wp\/v2\/users\/1"}],"replies":[{"embeddable":true,"href":"http:\/\/trizack.de\/triteam\/wp-json\/wp\/v2\/comments?post=162"}],"version-history":[{"count":10,"href":"http:\/\/trizack.de\/triteam\/wp-json\/wp\/v2\/posts\/162\/revisions"}],"predecessor-version":[{"id":174,"href":"http:\/\/trizack.de\/triteam\/wp-json\/wp\/v2\/posts\/162\/revisions\/174"}],"wp:featuredmedia":[{"embeddable":true,"href":"http:\/\/trizack.de\/triteam\/wp-json\/wp\/v2\/media\/170"}],"wp:attachment":[{"href":"http:\/\/trizack.de\/triteam\/wp-json\/wp\/v2\/media?parent=162"}],"wp:term":[{"taxonomy":"category","embeddable":true,"href":"http:\/\/trizack.de\/triteam\/wp-json\/wp\/v2\/categories?post=162"},{"taxonomy":"post_tag","embeddable":true,"href":"http:\/\/trizack.de\/triteam\/wp-json\/wp\/v2\/tags?post=162"}],"curies":[{"name":"wp","href":"https:\/\/api.w.org\/{rel}","templated":true}]}}